{"id":21193,"date":"2017-08-02T12:35:29","date_gmt":"2017-08-02T17:35:29","guid":{"rendered":"http:\/\/estado29.mx\/?p=21193"},"modified":"2017-08-02T12:35:29","modified_gmt":"2017-08-02T17:35:29","slug":"construccion-potabilizadora-en-tequexquitla-beneficiara-a-7-mil-familias","status":"publish","type":"post","link":"https:\/\/estado29.mx\/?p=21193","title":{"rendered":"Construcci\u00f3n de potabilizadora en Tequexquitla, beneficiar\u00e1 a 7 mil familias."},"content":{"rendered":"<p>El Director de Obra P\u00fablica en El Carmen Tequexquitla, Pedro Castel\u00e1n Calder\u00f3n asegur\u00f3 que, con la construcci\u00f3n de una potabilizadora, se beneficiar\u00e1 a unos ocho mil habitantes de las colonias Mazatepec Norte y Sur de la localidad &#8220;vamos a realizar la construcci\u00f3n de la potabilizadora, en Mazatepec&#8221;.<\/p>\n<p>Agreg\u00f3 que, para esta obra, se tiene contemplada una inversi\u00f3n de tres millones, cuatrocientos mil pesos &#8220;la potabilizadora, tenemos contemplada una inversi\u00f3n de 3 millones 400 mil pesos, para resolver el problema del agua de Mazatepec Norte y Sur&#8221;.<\/p>\n<p>Dijo que, con estas acciones, se estima beneficiar a unas siete mil familias del municipio, mismas que desde inicio de a\u00f1o han tenido problemas en el abastecimiento del l\u00edquido &#8220;son aproximadamente 7,000 familias beneficiadas directamente con esta potabilizadora&#8221;.<\/p>\n<p>Finalmente, el director asegur\u00f3 que por medio de esta obra se erradicar\u00e1 la problem\u00e1tica de falta de agua potables en esas comunidades y, a su vez, que se dar\u00e1 seguimiento a las necesidades de los pobladores.<\/p>\n","protected":false},"excerpt":{"rendered":"<p>El Director de Obra P\u00fablica en El Carmen Tequexquitla, Pedro Castel\u00e1n Calder\u00f3n asegur\u00f3 que, con la construcci\u00f3n de una potabilizadora, se beneficiar\u00e1 a unos ocho mil habitantes de las colonias Mazatepec Norte y Sur de la localidad &#8220;vamos a realizar la construcci\u00f3n de la potabilizadora, en Mazatepec&#8221;. Agreg\u00f3 que, para esta obra, se tiene contemplada [&hellip;]<\/p>\n","protected":false},"author":22,"featured_media":0,"comment_status":"open","ping_status":"open","sticky":false,"template":"","format":"standard","meta":{"om_disable_all_campaigns":false,"_monsterinsights_skip_tracking":false,"_monsterinsights_sitenote_active":false,"_monsterinsights_sitenote_note":"","_monsterinsights_sitenote_category":0,"jnews-multi-image_gallery":[],"jnews_single_post":[],"jnews_primary_category":[],"footnotes":""},"categories":[],"tags":[],"class_list":["post-21193","post","type-post","status-publish","format-standard","hentry"],"aioseo_notices":[],"_links":{"self":[{"href":"https:\/\/estado29.mx\/index.php?rest_route=\/wp\/v2\/posts\/21193","targetHints":{"allow":["GET"]}}],"collection":[{"href":"https:\/\/estado29.mx\/index.php?rest_route=\/wp\/v2\/posts"}],"about":[{"href":"https:\/\/estado29.mx\/index.php?rest_route=\/wp\/v2\/types\/post"}],"author":[{"embeddable":true,"href":"https:\/\/estado29.mx\/index.php?rest_route=\/wp\/v2\/users\/22"}],"replies":[{"embeddable":true,"href":"https:\/\/estado29.mx\/index.php?rest_route=%2Fwp%2Fv2%2Fcomments&post=21193"}],"version-history":[{"count":1,"href":"https:\/\/estado29.mx\/index.php?rest_route=\/wp\/v2\/posts\/21193\/revisions"}],"predecessor-version":[{"id":21202,"href":"https:\/\/estado29.mx\/index.php?rest_route=\/wp\/v2\/posts\/21193\/revisions\/21202"}],"wp:attachment":[{"href":"https:\/\/estado29.mx\/index.php?rest_route=%2Fwp%2Fv2%2Fmedia&parent=21193"}],"wp:term":[{"taxonomy":"category","embeddable":true,"href":"https:\/\/estado29.mx\/index.php?rest_route=%2Fwp%2Fv2%2Fcategories&post=21193"},{"taxonomy":"post_tag","embeddable":true,"href":"https:\/\/estado29.mx\/index.php?rest_route=%2Fwp%2Fv2%2Ftags&post=21193"}],"curies":[{"name":"wp","href":"https:\/\/api.w.org\/{rel}","templated":true}]}}