{"id":21207,"date":"2017-08-02T14:35:25","date_gmt":"2017-08-02T19:35:25","guid":{"rendered":"http:\/\/estado29.mx\/?p=21207"},"modified":"2017-08-02T20:24:44","modified_gmt":"2017-08-03T01:24:44","slug":"se-inauguro-centro-justicia-las-mujeres-objetivo-atender-manera-eficiente-e-integral-a-feminas-victimas-violencia","status":"publish","type":"post","link":"https:\/\/estado29.mx\/?p=21207","title":{"rendered":"Se inaugur\u00f3 el Centro de Justicia para las Mujeres, con el objetivo de atender de manera eficiente e integral a f\u00e9minas v\u00edctimas de violencia"},"content":{"rendered":"<p>&nbsp;<\/p>\n<p><em>El personal de este Centro est\u00e1 preparado para ayudar a mujeres violentadas, que se integra de 22 mujeres espec\u00edficamente, adem\u00e1s que depende de la Procuradur\u00eda General de Justicia del Estado<\/em><\/p>\n<p>Este mi\u00e9rcoles se inaugur\u00f3 el Centro de Justicia para las Mujeres, con el objetivo de atender de manera eficiente e integral a f\u00e9minas v\u00edctimas de violencia, sobre todo que requieren de protecci\u00f3n legal, as\u00ed como empoderarlas, esto de manos del Gobernador, Marco Antonio Mena Rodr\u00edguez y por \u00c1lvaro\u00a0<em>Vizca\u00edno<\/em>\u00a0Zamora, secretario ejecutivo del Sistema Nacional de Seguridad P\u00fablica (Snsp).<\/p>\n<p>La bienvenida estuvo a cargo de Anabel Alvarado Varela, Secretaria de Gobierno (Segob), quien resalt\u00f3 que este proyecto se hab\u00eda planeado desde el inicio de la presente administraci\u00f3n.<\/p>\n<p>\u201cLa violencia en contra de las mujeres, donde ni\u00f1as y mujeres encuentren un lugar donde sus instituciones la ayude, de un mal que aqueja al mundo. Estamos aqu\u00ed iniciando un trabajo para que las mujeres denuncien ser v\u00edctimas de violencia y que puedan encontrar atenci\u00f3n psicol\u00f3gica, m\u00e9dica y una manera de empoderarse y encontrar fortalecimiento en su situaci\u00f3n econ\u00f3mica\u201d, indic\u00f3.<\/p>\n<p>Resalt\u00f3 que el personal de este Centro est\u00e1 preparado para ayudar a mujeres violentadas, que se integra de 22 mujeres espec\u00edficamente, adem\u00e1s que depende de la Procuradur\u00eda General de Justicia del Estado (Pgje).<\/p>\n<p>En su mensaje, \u00c1lvaro\u00a0<em>Vizca\u00edno<\/em>\u00a0Zamora, secretario ejecutivo del Sistema Nacional de Seguridad P\u00fablica (Snsp), destac\u00f3 que este \u00a0Centro es el primero para el estado de Tlaxcala y el n\u00famero 36 a nivel nacional y con amplias posibilidades de ser m\u00e1s grande en un futuro.<\/p>\n<p><img loading=\"lazy\" decoding=\"async\" class=\"alignnone size-medium wp-image-21209\" src=\"http:\/\/estado29.mx\/wp-content\/uploads\/2017\/08\/20170802_1014391-300x169.jpg\" alt=\"\" width=\"300\" height=\"169\" \/><\/p>\n<p>Reconoci\u00f3 el trabajo coordinado entre los diversos niveles de gobierno para coadyuvar en la prevenci\u00f3n y erradicaci\u00f3n de la violencia contra las mujeres.<\/p>\n<p>Afirm\u00f3 que se trata de un nuevo modelo de justicia, ya que las mujeres que llegan a estos Centros sufren violencia de g\u00e9nero, principalmente en el seno de sus propias familias.<\/p>\n<p>Aunado, se\u00f1al\u00f3 que son auxiliadas por ministerios p\u00fablicos o fiscales que inician las carpetas de investigaci\u00f3n, atendidas por personas capacitadas de acuerdo a los protocolos para el cuidado de este tipo de v\u00edctimas, a fin de que regresen empoderadas.<\/p>\n<p>Lament\u00f3 que las v\u00edctimas no denuncien, y esto se debe por el miedo de perder el apoyo econ\u00f3mico o la custodia de los hijos, pero \u2013dijo- que este Centro es un escudo protector para las mujeres.<\/p>\n<p><img loading=\"lazy\" decoding=\"async\" class=\"alignnone size-medium wp-image-21210\" src=\"http:\/\/estado29.mx\/wp-content\/uploads\/2017\/08\/20170802_1014511-300x169.jpg\" alt=\"\" width=\"300\" height=\"169\" \/><\/p>\n<p>Asimismo, el Mandatario, Marco Antonio Mena Rodr\u00edguez, afirm\u00f3 que la apertura de este Centro es una forma de mostrar el inter\u00e9s del gobierno estatal para buscar la igualdad entre mujeres y hombres.<\/p>\n<p>Asegur\u00f3 que tienen que seguir avanzado para erradicar conductas inadmisibles, como es la violencia de g\u00e9nero, que pone en riesgo a las mujeres. \u201cNos da mucho gusto que el d\u00eda de hoy se inaugure este centro, como dijo el maestro \u00c1lvaro Vizca\u00edno, es uno de los pasos que estaremos tomando en conjunto en trabajo com\u00fan con el gobierno federal en pro de eta tarea\u201d, abund\u00f3.<\/p>\n<p><img loading=\"lazy\" decoding=\"async\" class=\"alignnone size-medium wp-image-21211\" src=\"http:\/\/estado29.mx\/wp-content\/uploads\/2017\/08\/20170802_1015001-300x169.jpg\" alt=\"\" width=\"300\" height=\"169\" \/><\/p>\n<p>En el evento se dieron cita Lorena Cruz S\u00e1nchez, presidenta del Instituto Nacional de Mujeres (Inmujeres); Elsa Cordero Mart\u00ednez, presidenta del Tribunal Superior de Justicia del Estado (Tsje); Arnulfo Ar\u00e9valo Lara, presidente de la mesa directiva del Congreso del Estado; Tito Cervantes Zepeda, procurador General de Justicia del Tlaxcala (Pgje); Mario Luis Fuente Alcal\u00e1, coordinador de la c\u00e1tedra universitaria de la Trata de Personas de la Universidad Nacional Aut\u00f3noma de M\u00e9xico (Unam); diputados locales, funcionarios estatales y federales.<\/p>\n","protected":false},"excerpt":{"rendered":"<p>&nbsp; El personal de este Centro est\u00e1 preparado para ayudar a mujeres violentadas, que se integra de 22 mujeres espec\u00edficamente, adem\u00e1s que depende de la Procuradur\u00eda General de Justicia del Estado Este mi\u00e9rcoles se inaugur\u00f3 el Centro de Justicia para las Mujeres, con el objetivo de atender de manera eficiente e integral a f\u00e9minas v\u00edctimas [&hellip;]<\/p>\n","protected":false},"author":28,"featured_media":0,"comment_status":"open","ping_status":"open","sticky":false,"template":"","format":"standard","meta":{"om_disable_all_campaigns":false,"_monsterinsights_skip_tracking":false,"_monsterinsights_sitenote_active":false,"_monsterinsights_sitenote_note":"","_monsterinsights_sitenote_category":0,"jnews-multi-image_gallery":[],"jnews_single_post":[],"jnews_primary_category":[],"footnotes":""},"categories":[],"tags":[],"class_list":["post-21207","post","type-post","status-publish","format-standard","hentry"],"aioseo_notices":[],"_links":{"self":[{"href":"https:\/\/estado29.mx\/index.php?rest_route=\/wp\/v2\/posts\/21207","targetHints":{"allow":["GET"]}}],"collection":[{"href":"https:\/\/estado29.mx\/index.php?rest_route=\/wp\/v2\/posts"}],"about":[{"href":"https:\/\/estado29.mx\/index.php?rest_route=\/wp\/v2\/types\/post"}],"author":[{"embeddable":true,"href":"https:\/\/estado29.mx\/index.php?rest_route=\/wp\/v2\/users\/28"}],"replies":[{"embeddable":true,"href":"https:\/\/estado29.mx\/index.php?rest_route=%2Fwp%2Fv2%2Fcomments&post=21207"}],"version-history":[{"count":3,"href":"https:\/\/estado29.mx\/index.php?rest_route=\/wp\/v2\/posts\/21207\/revisions"}],"predecessor-version":[{"id":21229,"href":"https:\/\/estado29.mx\/index.php?rest_route=\/wp\/v2\/posts\/21207\/revisions\/21229"}],"wp:attachment":[{"href":"https:\/\/estado29.mx\/index.php?rest_route=%2Fwp%2Fv2%2Fmedia&parent=21207"}],"wp:term":[{"taxonomy":"category","embeddable":true,"href":"https:\/\/estado29.mx\/index.php?rest_route=%2Fwp%2Fv2%2Fcategories&post=21207"},{"taxonomy":"post_tag","embeddable":true,"href":"https:\/\/estado29.mx\/index.php?rest_route=%2Fwp%2Fv2%2Ftags&post=21207"}],"curies":[{"name":"wp","href":"https:\/\/api.w.org\/{rel}","templated":true}]}}