{"id":21213,"date":"2017-08-02T15:00:16","date_gmt":"2017-08-02T20:00:16","guid":{"rendered":"http:\/\/estado29.mx\/?p=21213"},"modified":"2017-08-02T14:50:56","modified_gmt":"2017-08-02T19:50:56","slug":"la-cnte-levantara-planton-gobernador-los-reciba","status":"publish","type":"post","link":"https:\/\/estado29.mx\/?p=21213","title":{"rendered":"La CNTE levantar\u00e1 plant\u00f3n hasta el que gobernador los reciba"},"content":{"rendered":"<p><strong><em>Hoy es el segundo d\u00eda del plant\u00f3n a las afueras del Congreso del Estado. <\/em><\/strong><\/p>\n<p>Agust\u00edn S\u00e1nchez Corona, vocero del Consejo Central de Lucha (CCL) de la Coordinadora Nacional de Trabajadores de la Educaci\u00f3n (CNTE), advirti\u00f3 que no levantar\u00e1n el plant\u00f3n que mantienen a las afueras del Congreso del Estado hasta que sean atendidos por el titular del Poder Ejecutivo local, Marco Antonio Mena Rodr\u00edguez, para plantear la reinstalaci\u00f3n de los 25 docentes cesados por no presentarse a la evaluaci\u00f3n en 2016.<\/p>\n<p>Los docentes cumplieron ya dos d\u00edas en plant\u00f3n en el Congreso del Estado, en espera de que el Gobierno del Estado apruebe la reinstalaci\u00f3n de los maestros cesados, para ello insisten en tener una reuni\u00f3n con \u00a0el Gobernador, toda vez que el secretario de educaci\u00f3n Manuel Camacho Higareda y la secretaria de gobierno,\u00a0 Anabel Alvarado Varela, no han podido dar respuesta a este solicitud.<\/p>\n<p>Adem\u00e1s, expuso que \u00a0la reinstalaci\u00f3n de los docentes que se negaron a la evaluaci\u00f3n es competencia de la autoridad estatal, as\u00ed lo notific\u00f3 el Subsecretario de Gobierno a nivel federal, Luis Enrique Miranda Nava, a los Gobiernos de los Estados, sin embargo el titular de la Secretar\u00eda de Educaci\u00f3n P\u00fablica del Estado \u00a0ha hecho caso omiso a la petici\u00f3n para analizar los casos y llegar a un acuerdo.<\/p>\n<p>\u201cDe cu\u00e1l ley, si me habla de la Ley del Servicio Profesional Docente efectivamente dice que en el art\u00edculo 52 \u00a0que quien no se presente al examen va a ser cesado pero esa ley es una ley secundaria por encima de esa ley est\u00e1 la Constituci\u00f3n y el 14 constitucional dice que ninguna ley es retroactiva y que no se puede aplicar a alguien en su perjuicio, y entonces los que entraron en el 2013 para ac\u00e1 se acogen a la Ley del Servicio Profesional docente y no hay vuelta de hoja pero si entraron antes no se aplica y eso se lo dijimos a Camacho Higareda\u201d, explic\u00f3.<\/p>\n<p>Al final comentaron que el plant\u00f3n est\u00e1 instalado a las afueras del Congreso del Estado porque el presidente del Comit\u00e9 de Administraci\u00f3n de ese poder, Juan Carlos S\u00e1nchez Garc\u00eda no les permiti\u00f3 instalarse al interior del Palacio Legislativo, a pesar de que le hicieron llegar un oficio de solicitud.<\/p>\n<p>\u201cEn la tarde hicimos tr\u00e1mites para que nos qued\u00e1ramos adentro, pero no hubo la disposici\u00f3n hablamos con el diputado que se encarga de administrar el edificio, Juan Carlos S\u00e1nchez Garc\u00eda, porque intentamos hablar con Mariano Gonz\u00e1lez pero no estaba entonces nos atendi\u00f3 su particular pero el que se encarga del edificio era Juan Carlos quer\u00edan oficio y lo entregamos pero despu\u00e9s lleg\u00f3 la orden de que ten\u00edamos que dejar el edificio y optamos por salirnos\u201d, explic\u00f3.<\/p>\n","protected":false},"excerpt":{"rendered":"<p>Hoy es el segundo d\u00eda del plant\u00f3n a las afueras del Congreso del Estado. Agust\u00edn S\u00e1nchez Corona, vocero del Consejo Central de Lucha (CCL) de la Coordinadora Nacional de Trabajadores de la Educaci\u00f3n (CNTE), advirti\u00f3 que no levantar\u00e1n el plant\u00f3n que mantienen a las afueras del Congreso del Estado hasta que sean atendidos por el [&hellip;]<\/p>\n","protected":false},"author":31,"featured_media":0,"comment_status":"open","ping_status":"open","sticky":false,"template":"","format":"standard","meta":{"om_disable_all_campaigns":false,"_monsterinsights_skip_tracking":false,"_monsterinsights_sitenote_active":false,"_monsterinsights_sitenote_note":"","_monsterinsights_sitenote_category":0,"jnews-multi-image_gallery":[],"jnews_single_post":[],"jnews_primary_category":[],"footnotes":""},"categories":[],"tags":[],"class_list":["post-21213","post","type-post","status-publish","format-standard","hentry"],"aioseo_notices":[],"_links":{"self":[{"href":"https:\/\/estado29.mx\/index.php?rest_route=\/wp\/v2\/posts\/21213","targetHints":{"allow":["GET"]}}],"collection":[{"href":"https:\/\/estado29.mx\/index.php?rest_route=\/wp\/v2\/posts"}],"about":[{"href":"https:\/\/estado29.mx\/index.php?rest_route=\/wp\/v2\/types\/post"}],"author":[{"embeddable":true,"href":"https:\/\/estado29.mx\/index.php?rest_route=\/wp\/v2\/users\/31"}],"replies":[{"embeddable":true,"href":"https:\/\/estado29.mx\/index.php?rest_route=%2Fwp%2Fv2%2Fcomments&post=21213"}],"version-history":[{"count":1,"href":"https:\/\/estado29.mx\/index.php?rest_route=\/wp\/v2\/posts\/21213\/revisions"}],"predecessor-version":[{"id":21214,"href":"https:\/\/estado29.mx\/index.php?rest_route=\/wp\/v2\/posts\/21213\/revisions\/21214"}],"wp:attachment":[{"href":"https:\/\/estado29.mx\/index.php?rest_route=%2Fwp%2Fv2%2Fmedia&parent=21213"}],"wp:term":[{"taxonomy":"category","embeddable":true,"href":"https:\/\/estado29.mx\/index.php?rest_route=%2Fwp%2Fv2%2Fcategories&post=21213"},{"taxonomy":"post_tag","embeddable":true,"href":"https:\/\/estado29.mx\/index.php?rest_route=%2Fwp%2Fv2%2Ftags&post=21213"}],"curies":[{"name":"wp","href":"https:\/\/api.w.org\/{rel}","templated":true}]}}