{"id":21270,"date":"2017-08-03T17:26:18","date_gmt":"2017-08-03T22:26:18","guid":{"rendered":"http:\/\/estado29.mx\/?p=21270"},"modified":"2017-08-03T17:20:47","modified_gmt":"2017-08-03T22:20:47","slug":"la-profeco-espera-en-la-feria-regreso-a-clases-una-derrama-economica-1-8-mdp","status":"publish","type":"post","link":"https:\/\/estado29.mx\/?p=21270","title":{"rendered":"La Profeco espera en la \u201cFeria de Regreso a Clases\u201d una derrama econ\u00f3mica de 1.8 mdp"},"content":{"rendered":"<p><em>Del 1<\/em><em>0 al 13 agosto participar\u00e1n 40 proveedores, quienes otorgar\u00e1n entre un 10 al 40 por ciento<\/em><\/p>\n<p><em>\u00a0<\/em><\/p>\n<p>En conferencia de prensa, la delegada de la Procuradur\u00eda Federal del Consumidor (Profeco), Edith Padilla Ba\u00f1uelos, precis\u00f3 que por la \u201cFeria de Regreso a Clases\u201d, esperan una derrama econ\u00f3mica de 1.8 millones pesos a favor de diversos proveedores tlaxcaltecas, principalmente de papeler\u00edas, art\u00edculos escolares, librer\u00edas y zapater\u00edas.<\/p>\n<p>&nbsp;<\/p>\n<p>Asimismo, durante su mensaje la encargada de la Federaci\u00f3n Nacional de C\u00e1maras de Comercio en Tlaxcala (Fecanaco), Margarita Alva Mac\u00edas, detall\u00f3 que esperan para estos establecimientos entre un 15 y 30 por ciento de aumento en las ventas, aunque para el comercio informal, es un 20 por ciento.<\/p>\n<p>&nbsp;<\/p>\n<p>Esta feria se desarrollar\u00e1 del 10 al 13 agosto, con la participaci\u00f3n de 40 proveedores, quienes otorgar\u00e1n entre un 10 al 40 por ciento en la compra de diversos art\u00edculos.<\/p>\n<p>Este evento se desarrollar\u00e1 en la Plaza de la Constituci\u00f3n, en la ciudad de Tlaxcala de las 9:00 a 20:00 horas, donde se sumar\u00e1n el DIF estatal y la Coordinaci\u00f3n Estatal del Registro Civil, con el objetivo de otorgar actas de nacimiento certificadas, sin ning\u00fan costo.<\/p>\n<p>&nbsp;<\/p>\n<p>Aunado se ofrecer\u00e1n ex\u00e1menes de vista, odontolog\u00eda, detecci\u00f3n del pie plano y orientaci\u00f3n sobre obesidad, esto de manera gratuita.<\/p>\n<p>\u201cSer\u00e1n proveedores debidamente establecidos y sus productos deben contar con lo que establecen las normas oficiales mexicanas; ellos realizan un esfuerzo importante para poder salir de sus establecimientos y ofertar sus productos en un lugar al aire libre\u201d, indic\u00f3 Padilla Ba\u00f1uelos.<\/p>\n<p>&nbsp;<\/p>\n<p>Record\u00f3 que el a\u00f1o pasado tuvieron una derrama econ\u00f3mica de 1.6 millones de pesos, pero con la suma de este evento en el recinto ferial y en Huamantla, se espera llegar a 1.8 millones de pesos o incluso mayor, esto a favor de los proveedores.<\/p>\n","protected":false},"excerpt":{"rendered":"<p>Del 10 al 13 agosto participar\u00e1n 40 proveedores, quienes otorgar\u00e1n entre un 10 al 40 por ciento \u00a0 En conferencia de prensa, la delegada de la Procuradur\u00eda Federal del Consumidor (Profeco), Edith Padilla Ba\u00f1uelos, precis\u00f3 que por la \u201cFeria de Regreso a Clases\u201d, esperan una derrama econ\u00f3mica de 1.8 millones pesos a favor de diversos [&hellip;]<\/p>\n","protected":false},"author":28,"featured_media":0,"comment_status":"open","ping_status":"open","sticky":false,"template":"","format":"standard","meta":{"om_disable_all_campaigns":false,"_monsterinsights_skip_tracking":false,"_monsterinsights_sitenote_active":false,"_monsterinsights_sitenote_note":"","_monsterinsights_sitenote_category":0,"jnews-multi-image_gallery":[],"jnews_single_post":[],"jnews_primary_category":[],"footnotes":""},"categories":[],"tags":[],"class_list":["post-21270","post","type-post","status-publish","format-standard","hentry"],"aioseo_notices":[],"_links":{"self":[{"href":"https:\/\/estado29.mx\/index.php?rest_route=\/wp\/v2\/posts\/21270","targetHints":{"allow":["GET"]}}],"collection":[{"href":"https:\/\/estado29.mx\/index.php?rest_route=\/wp\/v2\/posts"}],"about":[{"href":"https:\/\/estado29.mx\/index.php?rest_route=\/wp\/v2\/types\/post"}],"author":[{"embeddable":true,"href":"https:\/\/estado29.mx\/index.php?rest_route=\/wp\/v2\/users\/28"}],"replies":[{"embeddable":true,"href":"https:\/\/estado29.mx\/index.php?rest_route=%2Fwp%2Fv2%2Fcomments&post=21270"}],"version-history":[{"count":1,"href":"https:\/\/estado29.mx\/index.php?rest_route=\/wp\/v2\/posts\/21270\/revisions"}],"predecessor-version":[{"id":21273,"href":"https:\/\/estado29.mx\/index.php?rest_route=\/wp\/v2\/posts\/21270\/revisions\/21273"}],"wp:attachment":[{"href":"https:\/\/estado29.mx\/index.php?rest_route=%2Fwp%2Fv2%2Fmedia&parent=21270"}],"wp:term":[{"taxonomy":"category","embeddable":true,"href":"https:\/\/estado29.mx\/index.php?rest_route=%2Fwp%2Fv2%2Fcategories&post=21270"},{"taxonomy":"post_tag","embeddable":true,"href":"https:\/\/estado29.mx\/index.php?rest_route=%2Fwp%2Fv2%2Ftags&post=21270"}],"curies":[{"name":"wp","href":"https:\/\/api.w.org\/{rel}","templated":true}]}}