{"id":21280,"date":"2017-08-03T18:30:12","date_gmt":"2017-08-03T23:30:12","guid":{"rendered":"http:\/\/estado29.mx\/?p=21280"},"modified":"2017-08-03T18:24:04","modified_gmt":"2017-08-03T23:24:04","slug":"exhorta-ignacio-ramirez-a-diputados-a-condicionar-trabajo-legislativo-a-asuntos-electorales","status":"publish","type":"post","link":"https:\/\/estado29.mx\/?p=21280","title":{"rendered":"Exhorta Ignacio Ram\u00edrez a diputados a no condicionar su trabajo legislativo a asuntos electorales"},"content":{"rendered":"<p>Tomando en cuenta que en este a\u00f1o inicia el proceso electoral de 2018, el diputado local del Partido Revolucionario Institucional (PRI), Ignacio Ram\u00edrez S\u00e1nchez, llam\u00f3 a sus hom\u00f3logos a no \u2018olvidar\u2019 su responsabilidad como legisladores y que no se pierdan en el ego\u00edsmo pol\u00edtico o en el pragmatismo partidista o grupal.<\/p>\n<p>El\u00a0 tambi\u00e9n presidente de la Comisi\u00f3n de Puntos Constitucionales, Gobernaci\u00f3n y Justicia y Asuntos Pol\u00edticos del Congreso local, pidi\u00f3 a sus compa\u00f1eros de legislatura que las iniciativas que integraron en la agenda del segundo periodo ordinario de sesiones y las que est\u00e9n por presentar, no sean \u00a0\u201cuna moneda de cambio, condicionada a un inter\u00e9s partidista\u201d, sino para \u00a0abatir rezagos, dialogar y construir acuerdos ben\u00e9ficos para la sociedad.<\/p>\n<p>\u201cQuisiera recordar que como parte de nuestro compromiso esencial con la poblaci\u00f3n, las discusiones y decisiones que se tomen al interior de esta soberan\u00eda, deber\u00e1n estar ce\u00f1idas al inter\u00e9s genuino y colectivo de la poblaci\u00f3n tlaxcalteca, y no condicionadas como monedas de cambio de los intereses pol\u00edticos de partidos y grupos; somos una legislatura que est\u00e1 a tiempo de hacer historia en la entidad, tratemos de distinguir perfectamente entre la competencia en el campo electoral\u00a0 y nuestra labor como promotores de la prosperidad y mejoramiento institucional de la entidad\u201d, remarc\u00f3.<\/p>\n<p>A ese llamado, respondi\u00f3 el diputado del Partido del Trabajo (PT), Jes\u00fas Portillo Herrera, \u00a0quien agreg\u00f3 que los diputados deben encaminar un verdadero trabajo legislativo que permita recobrar la confianza de la ciudadan\u00eda y que esas palabras no queden solo en \u201cbuenas intenciones\u201d.<\/p>\n<p>Mientras que el coordinador del Partido de la Revoluci\u00f3n Democr\u00e1tica (PRD), Alberto Amaro Corona, se sum\u00f3 al llamado del diputado pri\u00edsta no sin antes reprochar\u00a0 que en el pasado periodo de sesiones el Poder Legislativo se convirti\u00f3 en una \u201cmesa de tr\u00e1mite\u201d para avalar las iniciativas del titular del Poder Ejecutivo local, Marco Antonio Mena Rodr\u00edguez. En tanto 13 de las 14 iniciativas del partido del sol azteca siguen en la \u201ccongeladora\u201d.<\/p>\n","protected":false},"excerpt":{"rendered":"<p>Tomando en cuenta que en este a\u00f1o inicia el proceso electoral de 2018, el diputado local del Partido Revolucionario Institucional (PRI), Ignacio Ram\u00edrez S\u00e1nchez, llam\u00f3 a sus hom\u00f3logos a no \u2018olvidar\u2019 su responsabilidad como legisladores y que no se pierdan en el ego\u00edsmo pol\u00edtico o en el pragmatismo partidista o grupal. El\u00a0 tambi\u00e9n presidente de [&hellip;]<\/p>\n","protected":false},"author":31,"featured_media":0,"comment_status":"open","ping_status":"open","sticky":false,"template":"","format":"standard","meta":{"om_disable_all_campaigns":false,"_monsterinsights_skip_tracking":false,"_monsterinsights_sitenote_active":false,"_monsterinsights_sitenote_note":"","_monsterinsights_sitenote_category":0,"jnews-multi-image_gallery":[],"jnews_single_post":[],"jnews_primary_category":[],"footnotes":""},"categories":[],"tags":[],"class_list":["post-21280","post","type-post","status-publish","format-standard","hentry"],"aioseo_notices":[],"_links":{"self":[{"href":"https:\/\/estado29.mx\/index.php?rest_route=\/wp\/v2\/posts\/21280","targetHints":{"allow":["GET"]}}],"collection":[{"href":"https:\/\/estado29.mx\/index.php?rest_route=\/wp\/v2\/posts"}],"about":[{"href":"https:\/\/estado29.mx\/index.php?rest_route=\/wp\/v2\/types\/post"}],"author":[{"embeddable":true,"href":"https:\/\/estado29.mx\/index.php?rest_route=\/wp\/v2\/users\/31"}],"replies":[{"embeddable":true,"href":"https:\/\/estado29.mx\/index.php?rest_route=%2Fwp%2Fv2%2Fcomments&post=21280"}],"version-history":[{"count":1,"href":"https:\/\/estado29.mx\/index.php?rest_route=\/wp\/v2\/posts\/21280\/revisions"}],"predecessor-version":[{"id":21281,"href":"https:\/\/estado29.mx\/index.php?rest_route=\/wp\/v2\/posts\/21280\/revisions\/21281"}],"wp:attachment":[{"href":"https:\/\/estado29.mx\/index.php?rest_route=%2Fwp%2Fv2%2Fmedia&parent=21280"}],"wp:term":[{"taxonomy":"category","embeddable":true,"href":"https:\/\/estado29.mx\/index.php?rest_route=%2Fwp%2Fv2%2Fcategories&post=21280"},{"taxonomy":"post_tag","embeddable":true,"href":"https:\/\/estado29.mx\/index.php?rest_route=%2Fwp%2Fv2%2Ftags&post=21280"}],"curies":[{"name":"wp","href":"https:\/\/api.w.org\/{rel}","templated":true}]}}