{"id":21282,"date":"2017-08-04T07:31:28","date_gmt":"2017-08-04T12:31:28","guid":{"rendered":"http:\/\/estado29.mx\/?p=21282"},"modified":"2017-08-04T07:31:28","modified_gmt":"2017-08-04T12:31:28","slug":"celebra-la-sesa-semana-mundial-la-lactancia-materna","status":"publish","type":"post","link":"https:\/\/estado29.mx\/?p=21282","title":{"rendered":"Celebra la SESA Semana Mundial de la lactancia materna."},"content":{"rendered":"<p>En el marco de la celebraci\u00f3n de la Semana Mundial de la Lactancia Materna, la Secretar\u00eda de Salud (SESA) lleva a cabo actividades que promueven este tipo de alimentaci\u00f3n que proporciona al beb\u00e9 los nutrientes necesarios para su \u00f3ptimo desarrollo, al igual que otorga beneficios a la madre.<\/p>\n<p>Elizabeth Garc\u00eda Jim\u00e9nez, responsable estatal del programa Lactancia Materna de la SESA, detall\u00f3 que las actividades consisten en talleres y pl\u00e1ticas dirigidas a las mujeres, las cuales se brindan en los centros de salud y unidades hospitalarias de la entidad.<\/p>\n<p>Garc\u00eda Jim\u00e9nez puntualiz\u00f3 que este tipo de acciones son permanentes y que en esta semana se refuerzan para concienciar a las madres sobre la importancia que tiene la lactancia en la salud infantil.<\/p>\n<p>La especialista enfatiz\u00f3 que la leche materna es el alimento natural que contribuye con mayor efectividad al desarrollo f\u00edsico y mental del infante, al brindarle los nutrientes necesarios en la cantidad adecuada.<\/p>\n<p>\u201cEs de f\u00e1cil digesti\u00f3n para el reci\u00e9n nacido, previene la desnutrici\u00f3n y obesidad, lo protege contra enfermedades infecciosas y al\u00e9rgicas; adem\u00e1s, el contacto piel con piel, auditivo y visual favorece la relaci\u00f3n afectiva madre-hijo\u201d, expres\u00f3.<\/p>\n<p>Elizabeth Garc\u00eda se\u00f1al\u00f3 que adem\u00e1s de los beneficios a la salud del beb\u00e9, la lactancia tambi\u00e9n produce efectos positivos en la madre, pues inhibe la hemorragia post parto, disminuye la incidencia de osteoporosis, de c\u00e1ncer de mama y de ovario, al igual que contribuye a recuperar el peso normal.<\/p>\n<p>La funcionaria destac\u00f3 que el pr\u00f3ximo domingo 6 de agosto, a las 10:00 horas, en el z\u00f3calo de la ciudad de Tlaxcala se realizar\u00e1 un evento de clausura, donde se brindar\u00e1 orientaci\u00f3n sobre la t\u00e9cnica adecuada para amamantar, adem\u00e1s de que habr\u00e1 actividades l\u00fadicas e informativas.<\/p>\n<p>Es as\u00ed como la Secretar\u00eda de Salud se suma a las acciones que buscan proteger, promover y apoyar la lactancia materna, a fin de incrementar el n\u00famero de ni\u00f1as y ni\u00f1os que son alimentados con seno materno desde su nacimiento y hasta los dos a\u00f1os de edad.<\/p>\n","protected":false},"excerpt":{"rendered":"<p>En el marco de la celebraci\u00f3n de la Semana Mundial de la Lactancia Materna, la Secretar\u00eda de Salud (SESA) lleva a cabo actividades que promueven este tipo de alimentaci\u00f3n que proporciona al beb\u00e9 los nutrientes necesarios para su \u00f3ptimo desarrollo, al igual que otorga beneficios a la madre. Elizabeth Garc\u00eda Jim\u00e9nez, responsable estatal del programa [&hellip;]<\/p>\n","protected":false},"author":12,"featured_media":0,"comment_status":"open","ping_status":"open","sticky":false,"template":"","format":"standard","meta":{"om_disable_all_campaigns":false,"_monsterinsights_skip_tracking":false,"_monsterinsights_sitenote_active":false,"_monsterinsights_sitenote_note":"","_monsterinsights_sitenote_category":0,"jnews-multi-image_gallery":[],"jnews_single_post":[],"jnews_primary_category":[],"footnotes":""},"categories":[],"tags":[],"class_list":["post-21282","post","type-post","status-publish","format-standard","hentry"],"aioseo_notices":[],"_links":{"self":[{"href":"https:\/\/estado29.mx\/index.php?rest_route=\/wp\/v2\/posts\/21282","targetHints":{"allow":["GET"]}}],"collection":[{"href":"https:\/\/estado29.mx\/index.php?rest_route=\/wp\/v2\/posts"}],"about":[{"href":"https:\/\/estado29.mx\/index.php?rest_route=\/wp\/v2\/types\/post"}],"author":[{"embeddable":true,"href":"https:\/\/estado29.mx\/index.php?rest_route=\/wp\/v2\/users\/12"}],"replies":[{"embeddable":true,"href":"https:\/\/estado29.mx\/index.php?rest_route=%2Fwp%2Fv2%2Fcomments&post=21282"}],"version-history":[{"count":1,"href":"https:\/\/estado29.mx\/index.php?rest_route=\/wp\/v2\/posts\/21282\/revisions"}],"predecessor-version":[{"id":21284,"href":"https:\/\/estado29.mx\/index.php?rest_route=\/wp\/v2\/posts\/21282\/revisions\/21284"}],"wp:attachment":[{"href":"https:\/\/estado29.mx\/index.php?rest_route=%2Fwp%2Fv2%2Fmedia&parent=21282"}],"wp:term":[{"taxonomy":"category","embeddable":true,"href":"https:\/\/estado29.mx\/index.php?rest_route=%2Fwp%2Fv2%2Fcategories&post=21282"},{"taxonomy":"post_tag","embeddable":true,"href":"https:\/\/estado29.mx\/index.php?rest_route=%2Fwp%2Fv2%2Ftags&post=21282"}],"curies":[{"name":"wp","href":"https:\/\/api.w.org\/{rel}","templated":true}]}}