{"id":21285,"date":"2017-08-04T07:38:05","date_gmt":"2017-08-04T12:38:05","guid":{"rendered":"http:\/\/estado29.mx\/?p=21285"},"modified":"2017-08-04T07:38:05","modified_gmt":"2017-08-04T12:38:05","slug":"reciben-certificados-primaria-secundaria-los-ninos-todos","status":"publish","type":"post","link":"https:\/\/estado29.mx\/?p=21285","title":{"rendered":"Reciben certificados de primaria y secundaria &#8220;Los ni\u00f1os de todos&#8221;"},"content":{"rendered":"<p>En \u201cLa Casa de los Ni\u00f1os de Todos\u201d hab\u00eda fiesta. Ni\u00f1os y ni\u00f1as del albergue del Sistema Estatal DIF recibieron sus certificados de primaria y secundaria, de manos del Gobernador Marco Mena y de la Presidenta Honor\u00edfica del DIF, Sandra Ch\u00e1vez Ruelas.<\/p>\n<p>Entre m\u00fasica, mixiotes y bu\u00f1uelos, decenas de menores de todas las edades conviv\u00edan y se divert\u00edan cuando \u201cDona\u201d, la perrita hush puppy que vive en la casa, se convirti\u00f3 en la verdadera \u201cganadora\u201d del d\u00eda con los restos del banquete que las cocineras del lugar prepararon para la ocasi\u00f3n.<\/p>\n<p>Horas antes, el d\u00eda comenzaba con los preparativos y ensayos para la ceremonia a la que todos los habitantes de la casa ya sab\u00edan que asistir\u00edan Marco Mena y Sandra Ch\u00e1vez. La pr\u00e1ctica de la escolta, la entonaci\u00f3n del himno nacional, el cambio de ropa de los infantes, el cepillado de \u201cDona\u201d. Todo impecable.<\/p>\n<p>El momento lleg\u00f3, ya no era un ensayo m\u00e1s. Despu\u00e9s de los honores a la bandera, los infantes por fin recib\u00edan de manos del Gobernador Mena y de su esposa Sandra, sus certificados de primaria y secundaria.<\/p>\n<p>All\u00ed, el Gobernador les pidi\u00f3 a los reci\u00e9n graduados que contin\u00faen con sus estudios, mientras que a los peque\u00f1os de grados menores les aconsej\u00f3 seguir esforz\u00e1ndose para lograr lo mismo que este d\u00eda ya alcanzaron sus compa\u00f1eros de la casa.<\/p>\n<p>Marco Mena les platic\u00f3 que \u201cLa Casa de Todos los Ni\u00f1os\u201d es de los pocos albergues en el pa\u00eds que permite que los ni\u00f1os y ni\u00f1as vayan a escuelas convencionales para que convivan y tengan la oportunidad de hacer m\u00e1s amigos y ampl\u00eden su forma de entender el mundo. Solo uno de cada diez lleva a cabo este efectivo esquema.<\/p>\n<p>\u201cAqu\u00ed ustedes son una familia, y junto con nosotros, somos una familia; qui\u00e9ranse, proc\u00farense, resp\u00e9tense, entiendan que el bien para cada uno es tambi\u00e9n el inter\u00e9s de todos ustedes\u201d.<\/p>\n<p>El Gobernador Mena les explic\u00f3 que es importante estudiar porque eso les da habilidades, les permite desarrollar talentos que ya tienen y que pueden cultivarse para tener mejores oportunidades.<\/p>\n<p>\u201cUstedes cuentan con nuestro respaldado, atenci\u00f3n y cari\u00f1o sincero\u201d, les dijo al felicitarlos por el reciente logro acad\u00e9mico.<\/p>\n<p>Cuando Sandra Ch\u00e1vez habl\u00f3 con quienes el pr\u00f3ximo a\u00f1o escolar subir\u00e1n de nivel educativo, les explico que su hogar \u2013\u201cLa casa de todos los ni\u00f1os\u201d-, les ofrece mejores oportunidades y atenci\u00f3n con personas que los cuidan con cari\u00f1o, y que les hacen saber que valen mucho y que pueden salir adelante.<\/p>\n<p>Una vez que los graduados ya ten\u00edan su certificado en sus manos, orgullosos les mostraron a sus amigos de la casa hogar el documento como ejemplo para que los m\u00e1s peque\u00f1os tambi\u00e9n sigan estudiando.<\/p>\n<p>Manuel Camacho Higareda, Secretario de Educaci\u00f3n; Maday Capilla Piedras, Directora del SEDIF; y Luis Vargas Gonz\u00e1lez, Coordinador del Sepuede y del Icatlax, observaban la escena, sonrientes.<\/p>\n<p>En esta tarde calurosa, los reci\u00e9n graduados disfrutaban de las delicias que les serv\u00eda en sus platos Ver\u00f3nica Palacios de la Cruz, Directora del albergue, a quien tambi\u00e9n llaman \u201cla licenciada de todos los ni\u00f1os\u201d, y que vigilaba, como lo hace una madre, que los m\u00e1s peque\u00f1os no ensuciaran con la salsa del mixiote sus relucientes camisas blancas, aunque, en realidad, los que terminaron con puntos rojos en sus camisas, fueron los m\u00e1s grandes. <\/p>\n","protected":false},"excerpt":{"rendered":"<p>En \u201cLa Casa de los Ni\u00f1os de Todos\u201d hab\u00eda fiesta. Ni\u00f1os y ni\u00f1as del albergue del Sistema Estatal DIF recibieron sus certificados de primaria y secundaria, de manos del Gobernador Marco Mena y de la Presidenta Honor\u00edfica del DIF, Sandra Ch\u00e1vez Ruelas. Entre m\u00fasica, mixiotes y bu\u00f1uelos, decenas de menores de todas las edades conviv\u00edan [&hellip;]<\/p>\n","protected":false},"author":12,"featured_media":0,"comment_status":"open","ping_status":"open","sticky":false,"template":"","format":"standard","meta":{"om_disable_all_campaigns":false,"_monsterinsights_skip_tracking":false,"_monsterinsights_sitenote_active":false,"_monsterinsights_sitenote_note":"","_monsterinsights_sitenote_category":0,"jnews-multi-image_gallery":[],"jnews_single_post":[],"jnews_primary_category":[],"footnotes":""},"categories":[],"tags":[],"class_list":["post-21285","post","type-post","status-publish","format-standard","hentry"],"aioseo_notices":[],"_links":{"self":[{"href":"https:\/\/estado29.mx\/index.php?rest_route=\/wp\/v2\/posts\/21285","targetHints":{"allow":["GET"]}}],"collection":[{"href":"https:\/\/estado29.mx\/index.php?rest_route=\/wp\/v2\/posts"}],"about":[{"href":"https:\/\/estado29.mx\/index.php?rest_route=\/wp\/v2\/types\/post"}],"author":[{"embeddable":true,"href":"https:\/\/estado29.mx\/index.php?rest_route=\/wp\/v2\/users\/12"}],"replies":[{"embeddable":true,"href":"https:\/\/estado29.mx\/index.php?rest_route=%2Fwp%2Fv2%2Fcomments&post=21285"}],"version-history":[{"count":1,"href":"https:\/\/estado29.mx\/index.php?rest_route=\/wp\/v2\/posts\/21285\/revisions"}],"predecessor-version":[{"id":21287,"href":"https:\/\/estado29.mx\/index.php?rest_route=\/wp\/v2\/posts\/21285\/revisions\/21287"}],"wp:attachment":[{"href":"https:\/\/estado29.mx\/index.php?rest_route=%2Fwp%2Fv2%2Fmedia&parent=21285"}],"wp:term":[{"taxonomy":"category","embeddable":true,"href":"https:\/\/estado29.mx\/index.php?rest_route=%2Fwp%2Fv2%2Fcategories&post=21285"},{"taxonomy":"post_tag","embeddable":true,"href":"https:\/\/estado29.mx\/index.php?rest_route=%2Fwp%2Fv2%2Ftags&post=21285"}],"curies":[{"name":"wp","href":"https:\/\/api.w.org\/{rel}","templated":true}]}}