{"id":21324,"date":"2017-08-06T12:36:30","date_gmt":"2017-08-06T17:36:30","guid":{"rendered":"http:\/\/estado29.mx\/?p=21324"},"modified":"2017-08-06T12:36:30","modified_gmt":"2017-08-06T17:36:30","slug":"municipio-huamantla-se-deslinda-responsabilidades-caida-sufrio-menor-edad-en-recinto-ferial","status":"publish","type":"post","link":"https:\/\/estado29.mx\/?p=21324","title":{"rendered":"Municipio de Huamantla se deslinda de responsabilidades por ca\u00edda que sufri\u00f3 menor de edad en el recinto de ferial"},"content":{"rendered":"<p><em>De acuerdo a la valoraci\u00f3n fue el menor quien hizo un mal uso de este juego<\/em><\/p>\n<p>Derivado de la ca\u00edda que sufri\u00f3 un infante de 10 a\u00f1os de edad, la noche del s\u00e1bado en el recinto ferial de Huamantla, \u00a0el municipio de deslinda de responsabilidades a trav\u00e9s de un acta de hechos acentuado en el expediente: JMH\/AC- 098-2017, que fue firmada por la juez municipal, Ali Rojas V\u00e1zquez.<\/p>\n<p>En el documento se indica que elementos de Protecci\u00f3n civil de Huamantla se encontraban haciendo una inspecci\u00f3n a pie en el recinto de feria, y al recibir una llamada de auxilio de quienes estaban cerca de juego mec\u00e1nico conocido como telef\u00e9rico, acudieron de inmediato.<\/p>\n<p>En el documento se explica que \u00a0el menor de edad fue atendido por param\u00e9dicos de la Cruz Roja y enviado al hospital General de Huamantla.<\/p>\n<p>Posteriormente el juez lleg\u00f3 a este lugar, acompa\u00f1ado del coordinador de protecci\u00f3n civil donde se entrevistaron con Magdalena D\u00edaz y Jorge Armando Rivera Coronel, ambos encargados del juego mec\u00e1nico, quienes detallaron que este no presentaba problemas, que no trabaja con alta velocidad; por ello, de acuerdo a la valoraci\u00f3n fue el menor quien hizo un mal uso de este juego.<\/p>\n<p>Por ello, el juez extendi\u00f3 esta acta de hechos a efectos legales que se requieran con fundamento a lo dispuesto en el art\u00edculo 156 fracciones IV y V de la Ley Municipal del Estado de Tlaxcala.<\/p>\n<p>&nbsp;<\/p>\n","protected":false},"excerpt":{"rendered":"<p>De acuerdo a la valoraci\u00f3n fue el menor quien hizo un mal uso de este juego Derivado de la ca\u00edda que sufri\u00f3 un infante de 10 a\u00f1os de edad, la noche del s\u00e1bado en el recinto ferial de Huamantla, \u00a0el municipio de deslinda de responsabilidades a trav\u00e9s de un acta de hechos acentuado en el [&hellip;]<\/p>\n","protected":false},"author":28,"featured_media":0,"comment_status":"open","ping_status":"open","sticky":false,"template":"","format":"standard","meta":{"om_disable_all_campaigns":false,"_monsterinsights_skip_tracking":false,"_monsterinsights_sitenote_active":false,"_monsterinsights_sitenote_note":"","_monsterinsights_sitenote_category":0,"jnews-multi-image_gallery":[],"jnews_single_post":[],"jnews_primary_category":[],"footnotes":""},"categories":[],"tags":[],"class_list":["post-21324","post","type-post","status-publish","format-standard","hentry"],"aioseo_notices":[],"_links":{"self":[{"href":"https:\/\/estado29.mx\/index.php?rest_route=\/wp\/v2\/posts\/21324","targetHints":{"allow":["GET"]}}],"collection":[{"href":"https:\/\/estado29.mx\/index.php?rest_route=\/wp\/v2\/posts"}],"about":[{"href":"https:\/\/estado29.mx\/index.php?rest_route=\/wp\/v2\/types\/post"}],"author":[{"embeddable":true,"href":"https:\/\/estado29.mx\/index.php?rest_route=\/wp\/v2\/users\/28"}],"replies":[{"embeddable":true,"href":"https:\/\/estado29.mx\/index.php?rest_route=%2Fwp%2Fv2%2Fcomments&post=21324"}],"version-history":[{"count":1,"href":"https:\/\/estado29.mx\/index.php?rest_route=\/wp\/v2\/posts\/21324\/revisions"}],"predecessor-version":[{"id":21326,"href":"https:\/\/estado29.mx\/index.php?rest_route=\/wp\/v2\/posts\/21324\/revisions\/21326"}],"wp:attachment":[{"href":"https:\/\/estado29.mx\/index.php?rest_route=%2Fwp%2Fv2%2Fmedia&parent=21324"}],"wp:term":[{"taxonomy":"category","embeddable":true,"href":"https:\/\/estado29.mx\/index.php?rest_route=%2Fwp%2Fv2%2Fcategories&post=21324"},{"taxonomy":"post_tag","embeddable":true,"href":"https:\/\/estado29.mx\/index.php?rest_route=%2Fwp%2Fv2%2Ftags&post=21324"}],"curies":[{"name":"wp","href":"https:\/\/api.w.org\/{rel}","templated":true}]}}