{"id":21328,"date":"2017-08-07T06:00:36","date_gmt":"2017-08-07T11:00:36","guid":{"rendered":"http:\/\/estado29.mx\/?p=21328"},"modified":"2017-08-06T13:02:23","modified_gmt":"2017-08-06T18:02:23","slug":"se-destapa-floria-maria-hernandez-candidata-a-senadora-morena","status":"publish","type":"post","link":"https:\/\/estado29.mx\/?p=21328","title":{"rendered":"Se destapa Floria Mar\u00eda Hern\u00e1ndez para candidata a senadora por Morena"},"content":{"rendered":"<p><strong><em>Dice que por lo pronto se mantendr\u00e1 como integrantes del grupo parlamentario del PRD en el Congreso local. <\/em><\/strong><\/p>\n<p>En conferencia de prensa,\u00a0 la diputada local del Partido de la Revoluci\u00f3n Democr\u00e1tica (PRD), Floria Mar\u00eda Hern\u00e1ndez Hern\u00e1ndez, revel\u00f3 su deseo de participar en el proceso electoral 2017-2018 por una Senadur\u00eda pero como abanderada del partido Movimiento de Regeneraci\u00f3n Nacional (Morena).<\/p>\n<p>La diputada plurinominal, dijo que tras ese anunci\u00f3 se mantendr\u00e1 como integrante del grupo parlamentario del PRD en el Congreso local, y dijo que esperar\u00e1 a que el partido del sol azteca determine lo conducente, aunque dijo que est\u00e1 dispuesta a renunciar si as\u00ed se lo piden.<\/p>\n<p>\u201cEn este momento continuamos en el PRD, pero sabemos que como ya hubo acercamiento con otros partidos, si habr\u00eda la necesidad de renunciar al PRD desde luego que lo har\u00edamos. En estos momentos las siglas de un partido no tiene la gran importancia como la tiene la necesidad de fortalecer el pa\u00eds con candidatos y candidatos que volteen a la izquierda\u201d, argument\u00f3.<\/p>\n<p>Adem\u00e1s, dijo que en hay un gran n\u00famero de perredistas que est\u00e1n mirando otra opci\u00f3n para participar en el proceso electoral del pr\u00f3ximo a\u00f1o en un partido pol\u00edtico diferente al del sol azteca.<\/p>\n<p>Tambi\u00e9n la diputada local, anunci\u00f3 que apoyar\u00e1 abiertamente el proyecto alternativo de naci\u00f3n que encabeza el l\u00edder nacional de Morena, Andr\u00e9s Manuel L\u00f3pez Obrador.<\/p>\n<p>&#8220;En el 2018 se presenta la posibilidad hist\u00f3rica de un cambio de rumbo para el pa\u00eds, por ello convocamos a la sociedad en general, considerando a perredistas y de todas las izquierdas a unificar esfuerzos, para fortalecer el proyecto alternativo de naci\u00f3n que encabeza Andr\u00e9s Manuel L\u00f3pez Obrador&#8221;, afirm\u00f3.<\/p>\n<p>Ah\u00ed tambi\u00e9n anunci\u00f3 la conformaci\u00f3n del Grupo Plural Ampliado (GPA) como agrupaci\u00f3n pol\u00edtica que incluir\u00e1 autoridades locales, asociaciones civiles, con diversos enfoques ideol\u00f3gicos con el objetivo de impulsar el desarrollo social del estado y del pa\u00eds.<\/p>\n","protected":false},"excerpt":{"rendered":"<p>Dice que por lo pronto se mantendr\u00e1 como integrantes del grupo parlamentario del PRD en el Congreso local. En conferencia de prensa,\u00a0 la diputada local del Partido de la Revoluci\u00f3n Democr\u00e1tica (PRD), Floria Mar\u00eda Hern\u00e1ndez Hern\u00e1ndez, revel\u00f3 su deseo de participar en el proceso electoral 2017-2018 por una Senadur\u00eda pero como abanderada del partido Movimiento [&hellip;]<\/p>\n","protected":false},"author":31,"featured_media":0,"comment_status":"open","ping_status":"open","sticky":false,"template":"","format":"standard","meta":{"om_disable_all_campaigns":false,"_monsterinsights_skip_tracking":false,"_monsterinsights_sitenote_active":false,"_monsterinsights_sitenote_note":"","_monsterinsights_sitenote_category":0,"jnews-multi-image_gallery":[],"jnews_single_post":[],"jnews_primary_category":[],"footnotes":""},"categories":[],"tags":[],"class_list":["post-21328","post","type-post","status-publish","format-standard","hentry"],"aioseo_notices":[],"_links":{"self":[{"href":"https:\/\/estado29.mx\/index.php?rest_route=\/wp\/v2\/posts\/21328","targetHints":{"allow":["GET"]}}],"collection":[{"href":"https:\/\/estado29.mx\/index.php?rest_route=\/wp\/v2\/posts"}],"about":[{"href":"https:\/\/estado29.mx\/index.php?rest_route=\/wp\/v2\/types\/post"}],"author":[{"embeddable":true,"href":"https:\/\/estado29.mx\/index.php?rest_route=\/wp\/v2\/users\/31"}],"replies":[{"embeddable":true,"href":"https:\/\/estado29.mx\/index.php?rest_route=%2Fwp%2Fv2%2Fcomments&post=21328"}],"version-history":[{"count":1,"href":"https:\/\/estado29.mx\/index.php?rest_route=\/wp\/v2\/posts\/21328\/revisions"}],"predecessor-version":[{"id":21329,"href":"https:\/\/estado29.mx\/index.php?rest_route=\/wp\/v2\/posts\/21328\/revisions\/21329"}],"wp:attachment":[{"href":"https:\/\/estado29.mx\/index.php?rest_route=%2Fwp%2Fv2%2Fmedia&parent=21328"}],"wp:term":[{"taxonomy":"category","embeddable":true,"href":"https:\/\/estado29.mx\/index.php?rest_route=%2Fwp%2Fv2%2Fcategories&post=21328"},{"taxonomy":"post_tag","embeddable":true,"href":"https:\/\/estado29.mx\/index.php?rest_route=%2Fwp%2Fv2%2Ftags&post=21328"}],"curies":[{"name":"wp","href":"https:\/\/api.w.org\/{rel}","templated":true}]}}