{"id":21349,"date":"2017-08-07T07:14:29","date_gmt":"2017-08-07T12:14:29","guid":{"rendered":"http:\/\/estado29.mx\/?p=21349"},"modified":"2017-08-07T07:14:29","modified_gmt":"2017-08-07T12:14:29","slug":"gobernador-asevero-reto-importante-en-campo-la-unidad","status":"publish","type":"post","link":"https:\/\/estado29.mx\/?p=21349","title":{"rendered":"El Gobernador asever\u00f3 que el reto m\u00e1s importante en el campo es la unidad"},"content":{"rendered":"<p>En el marco del 25 aniversario de la Procuradur\u00eda Agraria, el Gobernador Marco Antonio Mena Rodr\u00edguez, asever\u00f3 que el reto m\u00e1s importante en el campo, es la unidad, a fin de salir adelante con el apoyo de los diversos \u00f3rdenes de gobierno.<\/p>\n<p>&nbsp;<\/p>\n<p>El Mandatario, ejemplific\u00f3 que el testimonio Mar\u00eda In\u00e9s Carpintero Sol\u00eds, Comisariada Ejidal del n\u00facleo agrario de San Juan Bautista Ixtenco, y el ejido de San Luis Humantla, donde el di\u00e1logo tuvo la capacidad de arreglar un conflicto de m\u00e1s de 92 a\u00f1os por posesi\u00f3n de tierra, lo que mostr\u00f3 que hay certeza jur\u00eddica.<\/p>\n<p>&nbsp;<\/p>\n<p>Complement\u00f3 que esto permiti\u00f3 la defensa de los derechos de los campesinos, la cual est\u00e1 directamente relacionada con la paz social, y da la oportunidad de que el campo y toda la sociedad sigan adelante.<\/p>\n<p>&nbsp;<\/p>\n<p>\u201cEn el campo hemos avanzado, pero ha sido necesario un trabajo desde muchos \u00e1mbitos para que podamos dar una perspectiva favorable para las familias campesinas. Necesitamos reiterar el compromiso del Gobierno Estatal para que nuestros programas sean cada vez m\u00e1s efectivos y mejoren las condiciones de las familias\u201d, expres\u00f3.<\/p>\n<p>&nbsp;<\/p>\n<p>En su mensaje, el titular de la Procuradur\u00eda Agraria, Cruz L\u00f3pez Aguilar, asever\u00f3 que, desde hace 25 a\u00f1os, la instituci\u00f3n que encabeza tiene como principal objetivo velar por los intereses de los campesinos y la construcci\u00f3n de un campo m\u00e1s justo.<\/p>\n<p>&nbsp;<\/p>\n<p>\u201cHoy, m\u00e1s que nunca, refrendamos nuestro compromiso de mayor justicia, especialmente para los que menos tienen\u201d, sostuvo.<\/p>\n<p>&nbsp;<\/p>\n<p>A nombre de los ejidatarios, Mar\u00eda In\u00e9s Carpintero Sol\u00eds, Comisariada Ejidal del n\u00facleo agrario de San Juan Bautista Ixtenco, agradeci\u00f3 la intervenci\u00f3n de la Procuradur\u00eda Agraria, que permiti\u00f3 resolver un conflicto de casi 100 a\u00f1os entre este ejido y el de San Luis Huamantla.<\/p>\n<p>&nbsp;<\/p>\n","protected":false},"excerpt":{"rendered":"<p>En el marco del 25 aniversario de la Procuradur\u00eda Agraria, el Gobernador Marco Antonio Mena Rodr\u00edguez, asever\u00f3 que el reto m\u00e1s importante en el campo, es la unidad, a fin de salir adelante con el apoyo de los diversos \u00f3rdenes de gobierno. &nbsp; El Mandatario, ejemplific\u00f3 que el testimonio Mar\u00eda In\u00e9s Carpintero Sol\u00eds, Comisariada Ejidal [&hellip;]<\/p>\n","protected":false},"author":28,"featured_media":0,"comment_status":"open","ping_status":"open","sticky":false,"template":"","format":"standard","meta":{"om_disable_all_campaigns":false,"_monsterinsights_skip_tracking":false,"_monsterinsights_sitenote_active":false,"_monsterinsights_sitenote_note":"","_monsterinsights_sitenote_category":0,"jnews-multi-image_gallery":[],"jnews_single_post":[],"jnews_primary_category":[],"footnotes":""},"categories":[],"tags":[],"class_list":["post-21349","post","type-post","status-publish","format-standard","hentry"],"aioseo_notices":[],"_links":{"self":[{"href":"https:\/\/estado29.mx\/index.php?rest_route=\/wp\/v2\/posts\/21349","targetHints":{"allow":["GET"]}}],"collection":[{"href":"https:\/\/estado29.mx\/index.php?rest_route=\/wp\/v2\/posts"}],"about":[{"href":"https:\/\/estado29.mx\/index.php?rest_route=\/wp\/v2\/types\/post"}],"author":[{"embeddable":true,"href":"https:\/\/estado29.mx\/index.php?rest_route=\/wp\/v2\/users\/28"}],"replies":[{"embeddable":true,"href":"https:\/\/estado29.mx\/index.php?rest_route=%2Fwp%2Fv2%2Fcomments&post=21349"}],"version-history":[{"count":1,"href":"https:\/\/estado29.mx\/index.php?rest_route=\/wp\/v2\/posts\/21349\/revisions"}],"predecessor-version":[{"id":21351,"href":"https:\/\/estado29.mx\/index.php?rest_route=\/wp\/v2\/posts\/21349\/revisions\/21351"}],"wp:attachment":[{"href":"https:\/\/estado29.mx\/index.php?rest_route=%2Fwp%2Fv2%2Fmedia&parent=21349"}],"wp:term":[{"taxonomy":"category","embeddable":true,"href":"https:\/\/estado29.mx\/index.php?rest_route=%2Fwp%2Fv2%2Fcategories&post=21349"},{"taxonomy":"post_tag","embeddable":true,"href":"https:\/\/estado29.mx\/index.php?rest_route=%2Fwp%2Fv2%2Ftags&post=21349"}],"curies":[{"name":"wp","href":"https:\/\/api.w.org\/{rel}","templated":true}]}}