{"id":21356,"date":"2017-08-07T11:14:42","date_gmt":"2017-08-07T16:14:42","guid":{"rendered":"http:\/\/estado29.mx\/?p=21356"},"modified":"2017-08-07T11:16:52","modified_gmt":"2017-08-07T16:16:52","slug":"establecen-plan-residuos-solidos-feria-huamantla-2017","status":"publish","type":"post","link":"https:\/\/estado29.mx\/?p=21356","title":{"rendered":"Establecen plan de residuos s\u00f3lidos para Feria Huamantla 2017."},"content":{"rendered":"<p>El director de Servicios P\u00fablicos en Huamantla, Julio V\u00e1zquez Garc\u00eda, enfatiz\u00f3 que en lo que respecta a residuos s\u00f3lidos, para este periodo de feria, ya se tiene establecido un plan de trabajo para cubrir de manera eficaz este servicio.<\/p>\n<p>En este sentido, habl\u00f3 de la colocaci\u00f3n de contenedores, de una capacidad de tonelada y media en puntos con mayor concurrencia de gente \u201cya tenemos nuestro plan de trabajo respecto a residuos s\u00f3lidos, vamos a colocar contenedores en lugares estrat\u00e9gicos, ya tambi\u00e9n tuve pl\u00e1ticas con el jefe de residuos s\u00f3lidos para que nos organicemos y tengamos un mejor servicio en los pr\u00f3ximos d\u00edas\u201d.<\/p>\n<p>\u201cvamos a instalar tres contenedores, de aproximadamente tonelada y media, van a estar instalados dos en el recinto ferial y uno en la caridad y aparte vamos a tener contenedores de aproximadamente unos 200 kilos, van a estar distribuidos dentro del recinto ferial\u201d.<\/p>\n<p>En lo que respecta al Parque Ju\u00e1rez, refiri\u00f3 que se buscar\u00e1 que el personal trabaje constantemente en la limpia de los contenedores que se tienen instalados \u201cen el parque vamos a tener al personal trabajando, meter contenedores no est\u00e1 en el plan de trabajo, pero si tenemos planeado meter personal para que est\u00e9 en la limpia constantemente\u201d.<\/p>\n<p>Por otra parte, asegur\u00f3 que el cami\u00f3n recolector de basura realizar\u00e1 sus recorridos de manera normal, asimismo, manifest\u00f3 que los horarios en el recinto ferial ser\u00e1n de 10 de la ma\u00f1ana a 6 de la tarde y de 7 de la noche a 2 de la ma\u00f1ana \u201cel recorrido del cami\u00f3n recolector ser\u00e1 de manera normal, en el mismo horario, referente al recinto ferial si vamos a tener los mismos horarios, uno de 10 de la ma\u00f1ana a 6 de la tarde y 7 de la noche a 2 de la ma\u00f1ana\u201d.<\/p>\n<p>Finalmente, invit\u00f3 a los pobladores a mantener limpia la v\u00eda p\u00fablica, y coment\u00f3 que se contrataron 50 personas m\u00e1s para realizar dichos trabajos  \u201cinvitar a la ciudadan\u00eda a no sacar su basura en las noches, que esperen el cami\u00f3n recolector y estamos trabajando para que en lo sucesivo se d\u00e9 un mejor servicio\u201d.<\/p>\n","protected":false},"excerpt":{"rendered":"<p>El director de Servicios P\u00fablicos en Huamantla, Julio V\u00e1zquez Garc\u00eda, enfatiz\u00f3 que en lo que respecta a residuos s\u00f3lidos, para este periodo de feria, ya se tiene establecido un plan de trabajo para cubrir de manera eficaz este servicio. En este sentido, habl\u00f3 de la colocaci\u00f3n de contenedores, de una capacidad de tonelada y media [&hellip;]<\/p>\n","protected":false},"author":22,"featured_media":0,"comment_status":"open","ping_status":"open","sticky":false,"template":"","format":"standard","meta":{"om_disable_all_campaigns":false,"_monsterinsights_skip_tracking":false,"_monsterinsights_sitenote_active":false,"_monsterinsights_sitenote_note":"","_monsterinsights_sitenote_category":0,"jnews-multi-image_gallery":[],"jnews_single_post":[],"jnews_primary_category":[],"footnotes":""},"categories":[],"tags":[],"class_list":["post-21356","post","type-post","status-publish","format-standard","hentry"],"aioseo_notices":[],"_links":{"self":[{"href":"https:\/\/estado29.mx\/index.php?rest_route=\/wp\/v2\/posts\/21356","targetHints":{"allow":["GET"]}}],"collection":[{"href":"https:\/\/estado29.mx\/index.php?rest_route=\/wp\/v2\/posts"}],"about":[{"href":"https:\/\/estado29.mx\/index.php?rest_route=\/wp\/v2\/types\/post"}],"author":[{"embeddable":true,"href":"https:\/\/estado29.mx\/index.php?rest_route=\/wp\/v2\/users\/22"}],"replies":[{"embeddable":true,"href":"https:\/\/estado29.mx\/index.php?rest_route=%2Fwp%2Fv2%2Fcomments&post=21356"}],"version-history":[{"count":1,"href":"https:\/\/estado29.mx\/index.php?rest_route=\/wp\/v2\/posts\/21356\/revisions"}],"predecessor-version":[{"id":21360,"href":"https:\/\/estado29.mx\/index.php?rest_route=\/wp\/v2\/posts\/21356\/revisions\/21360"}],"wp:attachment":[{"href":"https:\/\/estado29.mx\/index.php?rest_route=%2Fwp%2Fv2%2Fmedia&parent=21356"}],"wp:term":[{"taxonomy":"category","embeddable":true,"href":"https:\/\/estado29.mx\/index.php?rest_route=%2Fwp%2Fv2%2Fcategories&post=21356"},{"taxonomy":"post_tag","embeddable":true,"href":"https:\/\/estado29.mx\/index.php?rest_route=%2Fwp%2Fv2%2Ftags&post=21356"}],"curies":[{"name":"wp","href":"https:\/\/api.w.org\/{rel}","templated":true}]}}