{"id":21368,"date":"2017-08-07T13:50:18","date_gmt":"2017-08-07T18:50:18","guid":{"rendered":"http:\/\/estado29.mx\/?p=21368"},"modified":"2017-08-07T13:41:14","modified_gmt":"2017-08-07T18:41:14","slug":"lista-reglamentacion-reeleccion-diputados-adrian-xochitemo","status":"publish","type":"post","link":"https:\/\/estado29.mx\/?p=21368","title":{"rendered":"Lista reglamentaci\u00f3n para reelecci\u00f3n de diputados: Adri\u00e1n Xochitemo"},"content":{"rendered":"<p><strong><em>Ser\u00e1n presentadas ante el Pleno del Congreso local las modificaciones a la ley electoral el d\u00eda de ma\u00f1ana. <\/em><\/strong><\/p>\n<p>El presidente de la Comisi\u00f3n de Asuntos Electorales en el Congreso del Estado, Adri\u00e1n Xochitemo Pedraza, anunci\u00f3 que de no haber modificaciones, ma\u00f1ana martes ser\u00e1 presentada la reglamentaci\u00f3n para la reelecci\u00f3n de diputados, que es parte de la reforma constitucional en materia electoral.<\/p>\n<p>Aunque no abund\u00f3 mucho respecto a las novedades de ese nuevo reglamento, el diputado local mencion\u00f3 que entre los puntos que se tratar\u00e1n est\u00e1 el periodo para solicitar licencia al cargo de diputado para aquellos integrantes de la LXII Legislatura que decidan participar en el proceso electoral de 2018, que ser\u00e1 de 60 d\u00edas antes de la elecci\u00f3n.<\/p>\n<p>Dijo que ese plazo de 60 d\u00edas se determin\u00f3 con el objetivo de que cada uno de los diputados que busquen la reelecci\u00f3n no enfrenten problemas que deriven en una impugnaci\u00f3n, y por otro lado, que cuenten con m\u00e1s tiempo para atender los asuntos legislativos, agreg\u00f3 que los temas de la reelecci\u00f3n y la solicitud de licencia \u00a0son parte de una primera etapa de las reformas en materia electoral.<\/p>\n<p>\u201cEsta es una primera etapa en la cual se est\u00e1n haciendo algunas modificaciones, pero tambi\u00e9n se estar\u00e1n tocando temas como las candidaturas comunes, algunos temas de candidaturas ind\u00edgenas y eso es parte de lo que se viene trabajando, pero el d\u00eda de ma\u00f1ana se abordar\u00e1 lo que es la reelecci\u00f3n y el periodo para solicitar licencia. La reforma ser\u00e1 amplia y se van a tocar algunos otros puntos\u201d.<\/p>\n<p>Agreg\u00f3 que con esas modificaciones se podr\u00eda iniciar ya con el periodo electoral 2017-2018, sin ning\u00fan problema, una vez que las modificaciones sean aprobadas por el Pleno del Congreso local y promulgadas por el Poder Ejecutivo local.<\/p>\n<p>Xochitemo Pedraza, agreg\u00f3 que en la construcci\u00f3n del dictamen se tomaron en cuenta las propuestas hechas por del Tribunal Electoral de Tlaxcala\u00a0 (TET), los Institutos Electoral de Tlaxcala (IET) y Nacional Electoral (INE).<\/p>\n<p>Al final agreg\u00f3 que el trabajo legislativo que las Comisiones dictaminadoras realizaron en torno a la reglamentaci\u00f3n de la reelecci\u00f3n, es satisfactorio lo que se ver\u00e1 reflejado en la competencia por la reelecci\u00f3n en Tlaxcala.<\/p>\n","protected":false},"excerpt":{"rendered":"<p>Ser\u00e1n presentadas ante el Pleno del Congreso local las modificaciones a la ley electoral el d\u00eda de ma\u00f1ana. El presidente de la Comisi\u00f3n de Asuntos Electorales en el Congreso del Estado, Adri\u00e1n Xochitemo Pedraza, anunci\u00f3 que de no haber modificaciones, ma\u00f1ana martes ser\u00e1 presentada la reglamentaci\u00f3n para la reelecci\u00f3n de diputados, que es parte de [&hellip;]<\/p>\n","protected":false},"author":31,"featured_media":0,"comment_status":"open","ping_status":"open","sticky":false,"template":"","format":"standard","meta":{"om_disable_all_campaigns":false,"_monsterinsights_skip_tracking":false,"_monsterinsights_sitenote_active":false,"_monsterinsights_sitenote_note":"","_monsterinsights_sitenote_category":0,"jnews-multi-image_gallery":[],"jnews_single_post":[],"jnews_primary_category":[],"footnotes":""},"categories":[],"tags":[],"class_list":["post-21368","post","type-post","status-publish","format-standard","hentry"],"aioseo_notices":[],"_links":{"self":[{"href":"https:\/\/estado29.mx\/index.php?rest_route=\/wp\/v2\/posts\/21368","targetHints":{"allow":["GET"]}}],"collection":[{"href":"https:\/\/estado29.mx\/index.php?rest_route=\/wp\/v2\/posts"}],"about":[{"href":"https:\/\/estado29.mx\/index.php?rest_route=\/wp\/v2\/types\/post"}],"author":[{"embeddable":true,"href":"https:\/\/estado29.mx\/index.php?rest_route=\/wp\/v2\/users\/31"}],"replies":[{"embeddable":true,"href":"https:\/\/estado29.mx\/index.php?rest_route=%2Fwp%2Fv2%2Fcomments&post=21368"}],"version-history":[{"count":1,"href":"https:\/\/estado29.mx\/index.php?rest_route=\/wp\/v2\/posts\/21368\/revisions"}],"predecessor-version":[{"id":21369,"href":"https:\/\/estado29.mx\/index.php?rest_route=\/wp\/v2\/posts\/21368\/revisions\/21369"}],"wp:attachment":[{"href":"https:\/\/estado29.mx\/index.php?rest_route=%2Fwp%2Fv2%2Fmedia&parent=21368"}],"wp:term":[{"taxonomy":"category","embeddable":true,"href":"https:\/\/estado29.mx\/index.php?rest_route=%2Fwp%2Fv2%2Fcategories&post=21368"},{"taxonomy":"post_tag","embeddable":true,"href":"https:\/\/estado29.mx\/index.php?rest_route=%2Fwp%2Fv2%2Ftags&post=21368"}],"curies":[{"name":"wp","href":"https:\/\/api.w.org\/{rel}","templated":true}]}}