{"id":21374,"date":"2017-08-07T15:59:56","date_gmt":"2017-08-07T20:59:56","guid":{"rendered":"http:\/\/estado29.mx\/?p=21374"},"modified":"2017-08-07T15:59:56","modified_gmt":"2017-08-07T20:59:56","slug":"agrupaciones-enviaran-a-la-conavim-una-nueva-solicitud-alerta-violencia-genero-tlaxcala","status":"publish","type":"post","link":"https:\/\/estado29.mx\/?p=21374","title":{"rendered":"Agrupaciones enviar\u00e1n a la Conavim una nueva solicitud de Alerta de Violencia de G\u00e9nero para Tlaxcala"},"content":{"rendered":"<p><em>Se\u00f1alaron que el gobierno entrante, a trav\u00e9s del discurso medi\u00e1tico no ha reconocido el problema, al minimizarlo e visibilizarlo<\/em><\/p>\n<p>Este lunes, diversas agrupaciones manifestaron su posicionamiento ante la negativa de Alerta de Violencia de G\u00e9nero para Tlaxcala (AVG), por lo que enviar\u00e1n un documento para manifestar esto a la Comisi\u00f3n Nacional para Prevenir y Erradicar la Violencia Contra las Mujeres (Conavim), as\u00ed como una nueva solicitud, porque esto no garantiza que haya Acceso a una Vida Libre Violencia.<\/p>\n<p>Demandaron que un primer obst\u00e1culo que se encontr\u00f3 esta solicitud fue la transici\u00f3n de gobierno, lo cual no fue favorable pues el gobierno saliente de manera simuladora acepta las nueve recomendaciones hechas por grupo de trabajo de la Conavim.<\/p>\n<p>Sumaron que solo hay una generalidad en las recomendaciones hechas, y que todas las acciones que realizaron fueron desdibujadas en la realidad, lo que favoreci\u00f3 a que no se diera la Alerta por Violencia de G\u00e9nero.<\/p>\n<p>Asimismo, \u00a0se\u00f1alaron que el gobierno entrante, a trav\u00e9s del discurso medi\u00e1tico no ha reconocido el problema, al minimizarlo y visibilizarlo.<\/p>\n<p>Agregaron que el grupo trabajador de la Conavim, no analiz\u00f3 que el fen\u00f3meno de la trata de personas con fines de explotaci\u00f3n sexual, se encuentra vinculado a delitos sexuales, al embarazo infantil y adolescente, a los servicios de interrupci\u00f3n legal del embarazo, a la desaparici\u00f3n de ni\u00f1as y mujeres, de las cuales no han realizado las indagatorias correspondientes.<\/p>\n<p>\u201cLas recomendaciones no fueron claras, ni suficientes, para generar un proceso serio de transformaci\u00f3n para desactivar la problem\u00e1tica de violencia sexual y trata de personas con fines de explotaci\u00f3n sexual, porque no son basadas en indicadores para medir y valorar el objetivo.<\/p>\n<p>De esta forma, los integrantes del Observatorio Ciudadano Nacional del Feminicidio, Red Reto\u00f1o, #d\u00f3nde est\u00e1 Karla, Asociaci\u00f3n Civil Mujer y Utop\u00eda, rechazaron la determinaci\u00f3n de la Conavim, del pasado fin de semana.<\/p>\n<p>\u201cEn este momento estamos haciendo una solicitud a la Conavim para que focalice el problema de graves de desaparici\u00f3n de ni\u00f1as y mujeres para que tengamos claridad de las acciones y resultados en las fechas previstas por la Ley\u201d, enfatizaron.<\/p>\n<p>Olga Tezmol, madre de Karla Romero Tezmol, menor de 11 a\u00f1os de edad, desaparecida en San Pablo de Monte, desde hace m\u00e1s de un a\u00f1o, lament\u00f3 que se haya dado la negativa de g\u00e9nero en Tlaxcala, porque no refleja un verdadero problema.<\/p>\n<p>\u201cDel 2012 al 2014 se\u00f1ala la fiscal\u00eda que han desaparecido 20 menores, de las cuales 14 son ni\u00f1as, y seis son ni\u00f1os este reporte hace un \u00e9nfasis que solamente los ni\u00f1os fueron localizados\u201d, precis\u00f3.<\/p>\n<p>Asimismo, agreg\u00f3 que en el 2014 la Comisi\u00f3n Nacional de Derechos Humanos en el estado de Tlaxcala hab\u00eda reportado a 22 mujeres desaparecidas, entre 14 a 19 a\u00f1os de edad, todas originarias del sur de la entidad, principalmente de Zacatelco, Tenancingo, San Pablo del Monte, Contla, Apetatitl\u00e1n y Apizaco.<\/p>\n<p>Aunado que de enero de 2016 a abril de 2017, se han registrado igualmente 20 casos, quienes en su mayor\u00eda son menores de edad, por lo que seguir\u00e1n con la incertidumbre, ya que los datos del banco, no explica el n\u00famero real de las desaparecidas en Tlaxcala.<\/p>\n<p>Dijo que la desaparici\u00f3n de su hija, \u00a0es la \u00fanica \u00a0averiguaci\u00f3n previa, los dem\u00e1s s\u00f3lo son actas de hechos, esto gracias al trabajo al grupo de acci\u00f3n por los derechos humanos y justicia social y la red reto\u00f1o.<\/p>\n<p>\u201cEl resto sigue considerado reportes y son simples actas de hechos. En San Pablo del Monte las 12 mujeres y ni\u00f1as que han desaparecido y han sido rescatadas por familiares, hasta la fecha contin\u00faan esperando justicia\u201d, detall\u00f3.<\/p>\n<p>Por \u00a0\u00faltimo dijeron que la vida y la libertad de las mujeres deben dejar de manifestarse \u00fanicamente en cifras disfrazadas, deben estar basadas en una situaci\u00f3n cualitativa, de largo plazo, radical, y no \u00fanicamente basada en el cumplimiento de modificaciones de car\u00e1cter administrativo.<\/p>\n<p>&nbsp;<\/p>\n","protected":false},"excerpt":{"rendered":"<p>Se\u00f1alaron que el gobierno entrante, a trav\u00e9s del discurso medi\u00e1tico no ha reconocido el problema, al minimizarlo e visibilizarlo Este lunes, diversas agrupaciones manifestaron su posicionamiento ante la negativa de Alerta de Violencia de G\u00e9nero para Tlaxcala (AVG), por lo que enviar\u00e1n un documento para manifestar esto a la Comisi\u00f3n Nacional para Prevenir y Erradicar [&hellip;]<\/p>\n","protected":false},"author":28,"featured_media":0,"comment_status":"open","ping_status":"open","sticky":false,"template":"","format":"standard","meta":{"om_disable_all_campaigns":false,"_monsterinsights_skip_tracking":false,"_monsterinsights_sitenote_active":false,"_monsterinsights_sitenote_note":"","_monsterinsights_sitenote_category":0,"jnews-multi-image_gallery":[],"jnews_single_post":[],"jnews_primary_category":[],"footnotes":""},"categories":[],"tags":[],"class_list":["post-21374","post","type-post","status-publish","format-standard","hentry"],"aioseo_notices":[],"_links":{"self":[{"href":"https:\/\/estado29.mx\/index.php?rest_route=\/wp\/v2\/posts\/21374","targetHints":{"allow":["GET"]}}],"collection":[{"href":"https:\/\/estado29.mx\/index.php?rest_route=\/wp\/v2\/posts"}],"about":[{"href":"https:\/\/estado29.mx\/index.php?rest_route=\/wp\/v2\/types\/post"}],"author":[{"embeddable":true,"href":"https:\/\/estado29.mx\/index.php?rest_route=\/wp\/v2\/users\/28"}],"replies":[{"embeddable":true,"href":"https:\/\/estado29.mx\/index.php?rest_route=%2Fwp%2Fv2%2Fcomments&post=21374"}],"version-history":[{"count":1,"href":"https:\/\/estado29.mx\/index.php?rest_route=\/wp\/v2\/posts\/21374\/revisions"}],"predecessor-version":[{"id":21376,"href":"https:\/\/estado29.mx\/index.php?rest_route=\/wp\/v2\/posts\/21374\/revisions\/21376"}],"wp:attachment":[{"href":"https:\/\/estado29.mx\/index.php?rest_route=%2Fwp%2Fv2%2Fmedia&parent=21374"}],"wp:term":[{"taxonomy":"category","embeddable":true,"href":"https:\/\/estado29.mx\/index.php?rest_route=%2Fwp%2Fv2%2Fcategories&post=21374"},{"taxonomy":"post_tag","embeddable":true,"href":"https:\/\/estado29.mx\/index.php?rest_route=%2Fwp%2Fv2%2Ftags&post=21374"}],"curies":[{"name":"wp","href":"https:\/\/api.w.org\/{rel}","templated":true}]}}