{"id":21377,"date":"2017-08-07T16:55:09","date_gmt":"2017-08-07T21:55:09","guid":{"rendered":"http:\/\/estado29.mx\/?p=21377"},"modified":"2017-08-07T16:40:32","modified_gmt":"2017-08-07T21:40:32","slug":"tema-trata-personas-debe-tener-tintes-politicos-alvarado-varela","status":"publish","type":"post","link":"https:\/\/estado29.mx\/?p=21377","title":{"rendered":"El tema de trata de personas no debe tener tintes pol\u00edticos: Alvarado Varela"},"content":{"rendered":"<p><em>Todos deben sumar desde los diversos \u00e1mbitos para decirles a las mujeres a d\u00f3nde acudir, recibir una respuesta, que sepan que hay un inter\u00e9s real de las autoridades<\/em><\/p>\n<p>Anabel Alvarado Varela, Secretaria de Gobierno (Segob), asever\u00f3 que el tema de trata de personas no debe tener tintes pol\u00edticos, porque esto no pertenece a una agenda electoral sino al respeto de los derechos humanos y a construir una sociedad mejor e igualitaria.<\/p>\n<p>Lo anterior lo dio a conocer en rueda de prensa en el sal\u00f3n Ju\u00e1rez, de Palacio de Gobierno, donde afirm\u00f3 que sociedad, gobierno y medios de comunicaci\u00f3n deben ser sensibles a este tema.<\/p>\n<p>\u201cYo creo \u00a0que en temas tan sensibles para la sociedad, en donde se violenta a las mujeres, ya sea f\u00edsica, sexual, patrimonial, no podemos tomarlo de la agenda pol\u00edtica es un tema que va en una agenda permanente de los derechos humanos, donde participan todos, sociedad, gobierno y medios de comunicaci\u00f3n\u201d, enfatiz\u00f3.<\/p>\n<p>Subray\u00f3 que todos deben sumar desde los diversos \u00e1mbitos para decirles a las mujeres a d\u00f3nde acudir, recibir una respuesta, que sepan que hay un inter\u00e9s real de las autoridades, pero que adem\u00e1s que se est\u00e1n dispuesto a disminuir la vulnerabilidad de las mujeres.<\/p>\n<p>\u201cMe parece si llevamos esto a un \u00e1mbito pol\u00edtico, entonces no estar\u00edamos dando resultado, todas las asociaciones son bienvenidas para construir juntos una misma agenda\u201d, asever\u00f3.<\/p>\n<p>Afirm\u00f3 que una mujer que ha sido violentada f\u00edsicamente o sexualmente requiere tener un entorno mucho m\u00e1s seguro, que las instituciones le respondan, donde no sean violentadas desde el lenguaje, instituciones, desde la manera que son recibidas por los servidores p\u00fablicos, as\u00ed como quienes la rodean.<\/p>\n<p>\u201cCada acto que se hace de violencia en contra de una mujer ya sea con una afirmaci\u00f3n o con un da\u00f1o patrimonial, con una violaci\u00f3n, con el acoso de que se vive en las calles no es normal y la sociedad entera debe entrar en esta din\u00e1mica\u201d, subray\u00f3.<\/p>\n<p>Remarc\u00f3 que una mujer por m\u00ednimo que sea violentada se est\u00e1 da\u00f1ando a la sociedad entera, y les corresponde cambiar esta din\u00e1mica, ya que esto es un inter\u00e9s superior a favor de las ni\u00f1as, ni\u00f1os, adolescentes y mujeres.<\/p>\n<p>\u201cEstamos hablando de un tema que no solo es del estado de Tlaxcala, estamos hablando de que las propias cifras de la ONU que todos los d\u00edas hay mujeres violentadas, y en el inter\u00e9s pol\u00edtico de color o de preferencia partidista est\u00e1 el inter\u00e9s superior de las mujeres.<\/p>\n<p>Dijo que como gobierno, despu\u00e9s de que no se emiti\u00f3 la Alerta de Violencia de G\u00e9nero tienen doble compromiso, primero porque han dado\u00a0 pasos importantes en seis meses, por medio de una serie de acciones que nos han permitido cumplimiento en algunos de los casos en su totalidad, y en otros de manera parcial en los 54 indicadores, que nos dio les dio el informe.<\/p>\n<p>\u201cArrancamos una gran \u00e1rea de oportunidad para tener desde el gobierno del estado acciones que viven en todo el estado de Tlaxcala, que no tiene que\u00a0 ver solo con los 13 municipios, sino con algo que tenga que ser incluyente\u201d, indic\u00f3.<\/p>\n<p>Y en el caso del sistema pena acusatorio, detall\u00f3 que a trav\u00e9s de la Conferencia Nacional de Gobernadores, se busca tener un mejor acceso a la justicia, que quienes son primeros respondientes las y los polic\u00edas municipales se arme una carpeta bien hecha para judicializar de inmediato este delito.<\/p>\n<p>\u201cEs un delito que estaremos procurando que no salgan libre, implica la violaci\u00f3n de todos los derechos humanos, han insistido cuando sucedan este tipo de delitos, de manera contundente este libre por las calles\u201d,<\/p>\n<p>Insisti\u00f3 a la sociedad sumarse a este trabajo, a las organizaciones, para que juntos se visibilice este problema, adem\u00e1s de contar con la colaboraci\u00f3n de diversos municipios.<\/p>\n","protected":false},"excerpt":{"rendered":"<p>Todos deben sumar desde los diversos \u00e1mbitos para decirles a las mujeres a d\u00f3nde acudir, recibir una respuesta, que sepan que hay un inter\u00e9s real de las autoridades Anabel Alvarado Varela, Secretaria de Gobierno (Segob), asever\u00f3 que el tema de trata de personas no debe tener tintes pol\u00edticos, porque esto no pertenece a una agenda [&hellip;]<\/p>\n","protected":false},"author":28,"featured_media":0,"comment_status":"open","ping_status":"open","sticky":false,"template":"","format":"standard","meta":{"om_disable_all_campaigns":false,"_monsterinsights_skip_tracking":false,"_monsterinsights_sitenote_active":false,"_monsterinsights_sitenote_note":"","_monsterinsights_sitenote_category":0,"jnews-multi-image_gallery":[],"jnews_single_post":[],"jnews_primary_category":[],"footnotes":""},"categories":[],"tags":[],"class_list":["post-21377","post","type-post","status-publish","format-standard","hentry"],"aioseo_notices":[],"_links":{"self":[{"href":"https:\/\/estado29.mx\/index.php?rest_route=\/wp\/v2\/posts\/21377","targetHints":{"allow":["GET"]}}],"collection":[{"href":"https:\/\/estado29.mx\/index.php?rest_route=\/wp\/v2\/posts"}],"about":[{"href":"https:\/\/estado29.mx\/index.php?rest_route=\/wp\/v2\/types\/post"}],"author":[{"embeddable":true,"href":"https:\/\/estado29.mx\/index.php?rest_route=\/wp\/v2\/users\/28"}],"replies":[{"embeddable":true,"href":"https:\/\/estado29.mx\/index.php?rest_route=%2Fwp%2Fv2%2Fcomments&post=21377"}],"version-history":[{"count":1,"href":"https:\/\/estado29.mx\/index.php?rest_route=\/wp\/v2\/posts\/21377\/revisions"}],"predecessor-version":[{"id":21379,"href":"https:\/\/estado29.mx\/index.php?rest_route=\/wp\/v2\/posts\/21377\/revisions\/21379"}],"wp:attachment":[{"href":"https:\/\/estado29.mx\/index.php?rest_route=%2Fwp%2Fv2%2Fmedia&parent=21377"}],"wp:term":[{"taxonomy":"category","embeddable":true,"href":"https:\/\/estado29.mx\/index.php?rest_route=%2Fwp%2Fv2%2Fcategories&post=21377"},{"taxonomy":"post_tag","embeddable":true,"href":"https:\/\/estado29.mx\/index.php?rest_route=%2Fwp%2Fv2%2Ftags&post=21377"}],"curies":[{"name":"wp","href":"https:\/\/api.w.org\/{rel}","templated":true}]}}