{"id":21380,"date":"2017-08-07T17:09:06","date_gmt":"2017-08-07T22:09:06","guid":{"rendered":"http:\/\/estado29.mx\/?p=21380"},"modified":"2017-08-07T17:09:06","modified_gmt":"2017-08-07T22:09:06","slug":"desmiente-comisario-seguridad-huamantla-secuestro-menor","status":"publish","type":"post","link":"https:\/\/estado29.mx\/?p=21380","title":{"rendered":"Desmiente Comisario de Seguridad de Huamantla secuestro de menor."},"content":{"rendered":"<p>Respecto al presunto secuestro de un menor de un a\u00f1o, que circula en redes sociales, El comisario de Seguridad P\u00fablica Tr\u00e1nsito y Protecci\u00f3n Civil en Huamantla, Otilio Erasmo Lozada Torres, desminti\u00f3 el presunto secuestro de un menor de edad de una a\u00f1o.<\/p>\n<p>\u201clo que se maneja en las redes sociales no es cierto, se da un peque\u00f1o percance, sobre el libramiento, en la entrada a Huamantla, ah\u00ed por el Lienzo Charro, estas personas arriban a la altura de la gasolinera que se encuentra sobre Abasolo, ah\u00ed bajaron del veh\u00edculo y efectivamente, estaban haciendo ri\u00f1a, por tal motivo llegaron compa\u00f1eros de vialidad, se hicieron cargo del hecho, pero nada que ver con lo del secuestro\u201d.<\/p>\n<p>En este sentido, Lozada Torres coment\u00f3 que si se tuvo un menor extraviado \u201csi tuvimos un extraviado, un menor, pero nosotros personalmente la direcci\u00f3n de seguridad p\u00fablica le hace entrega del menor a la mam\u00e1, tenemos el documento por la juez municipal donde se hace entrega del menor\u201d<\/p>\n<p>Por otra parte, Lozada Torres, manifest\u00f3 que se trat\u00f3 de dos sucesos diferentes, el primero fue por un golpe a un veh\u00edculo y el segundo, el extrav\u00edo de un menor por sus padres, mismo que fue localizado y entregado. <\/p>\n","protected":false},"excerpt":{"rendered":"<p>Respecto al presunto secuestro de un menor de un a\u00f1o, que circula en redes sociales, El comisario de Seguridad P\u00fablica Tr\u00e1nsito y Protecci\u00f3n Civil en Huamantla, Otilio Erasmo Lozada Torres, desminti\u00f3 el presunto secuestro de un menor de edad de una a\u00f1o. \u201clo que se maneja en las redes sociales no es cierto, se da [&hellip;]<\/p>\n","protected":false},"author":22,"featured_media":0,"comment_status":"open","ping_status":"open","sticky":false,"template":"","format":"standard","meta":{"om_disable_all_campaigns":false,"_monsterinsights_skip_tracking":false,"_monsterinsights_sitenote_active":false,"_monsterinsights_sitenote_note":"","_monsterinsights_sitenote_category":0,"jnews-multi-image_gallery":[],"jnews_single_post":[],"jnews_primary_category":[],"footnotes":""},"categories":[],"tags":[],"class_list":["post-21380","post","type-post","status-publish","format-standard","hentry"],"aioseo_notices":[],"_links":{"self":[{"href":"https:\/\/estado29.mx\/index.php?rest_route=\/wp\/v2\/posts\/21380","targetHints":{"allow":["GET"]}}],"collection":[{"href":"https:\/\/estado29.mx\/index.php?rest_route=\/wp\/v2\/posts"}],"about":[{"href":"https:\/\/estado29.mx\/index.php?rest_route=\/wp\/v2\/types\/post"}],"author":[{"embeddable":true,"href":"https:\/\/estado29.mx\/index.php?rest_route=\/wp\/v2\/users\/22"}],"replies":[{"embeddable":true,"href":"https:\/\/estado29.mx\/index.php?rest_route=%2Fwp%2Fv2%2Fcomments&post=21380"}],"version-history":[{"count":1,"href":"https:\/\/estado29.mx\/index.php?rest_route=\/wp\/v2\/posts\/21380\/revisions"}],"predecessor-version":[{"id":21382,"href":"https:\/\/estado29.mx\/index.php?rest_route=\/wp\/v2\/posts\/21380\/revisions\/21382"}],"wp:attachment":[{"href":"https:\/\/estado29.mx\/index.php?rest_route=%2Fwp%2Fv2%2Fmedia&parent=21380"}],"wp:term":[{"taxonomy":"category","embeddable":true,"href":"https:\/\/estado29.mx\/index.php?rest_route=%2Fwp%2Fv2%2Fcategories&post=21380"},{"taxonomy":"post_tag","embeddable":true,"href":"https:\/\/estado29.mx\/index.php?rest_route=%2Fwp%2Fv2%2Ftags&post=21380"}],"curies":[{"name":"wp","href":"https:\/\/api.w.org\/{rel}","templated":true}]}}