{"id":21384,"date":"2017-08-08T06:00:40","date_gmt":"2017-08-08T11:00:40","guid":{"rendered":"http:\/\/estado29.mx\/?p=21384"},"modified":"2017-08-07T18:04:11","modified_gmt":"2017-08-07T23:04:11","slug":"verano-pri-electoral","status":"publish","type":"post","link":"https:\/\/estado29.mx\/?p=21384","title":{"rendered":"Verano electoral caliente y el futuro del PRI"},"content":{"rendered":"<p>El verano electoral con miras a los comicios del pr\u00f3ximo a\u00f1o est\u00e1 caliente. Nadie quiere dejar de salir en la foto y la mayor\u00eda de los actores pol\u00edticos ya trabajan en sus apuestas en una loca carrera que los posicione como los futuros senadores, o diputados federales o locales y en el PRI se define su futuro ante un panorama adverso.<\/p>\n<p>En esa calentura electoral, las \u00faltimas semanas hemos visto de todo. Posibles alianzas consideradas antinatura, coaliciones perversas, escarceos, desmarques, renuncias y un sinf\u00edn de acciones marcadas por las ambiciones personales y aderezadas por la ingratitud.<\/p>\n<p>Aunque parece lejano el pr\u00f3ximo 1 de julio, fecha en la que se realizar\u00e1n estos comicios \u2013y no el primer domingo de junio como muchos creen-, lo cierto es que en todos los partidos pol\u00edticos nacionales y locales se hacen las apuestas necesarias para acrecentar las posibilidades de acceder a los cargos que estar\u00e1n en disputa.<\/p>\n<p>De acuerdo con el art\u00edculo XI de la Ley General de Instituciones y Procedimientos Electorales, las elecciones ordinarias federales y locales que se verifiquen en el a\u00f1o 2018 se llevar\u00e1n a cabo el primer domingo de julio, es decir el 1 de julio de esa anualidad.<\/p>\n<p>Pero a poco m\u00e1s de 10 meses para que llegue esa fecha, todos los partidos, unos m\u00e1s que otros, trabajan ya en esa que es llamada la madre de todas las elecciones.<\/p>\n<p>El PRI \u00a0\u00a0definir\u00e1 el pr\u00f3ximo s\u00e1bado su futuro pol\u00edtico. Tiene claro que su presente es incierto y su futuro es complicado, ya que todos los estudios demosc\u00f3picos los ubican hasta la tercera posici\u00f3n en las preferencias electorales y m\u00e1s de 80 por ciento de la poblaci\u00f3n cree en la posibilidad de una nueva alternancia en la titularidad del Ejecutivo federal.<\/p>\n<p>En dicho c\u00f3nclave, en el que debemos de reconocer que nuestros priistas tlaxcaltecas poco aportar\u00e1n en las decisiones cupulares, habr\u00e1 resoluciones y directrices que saldr\u00e1n de la residencia oficial de Los Pinos. Entre el 9 y 11 de agosto, los priistas, en su asamblea nacional, definir\u00e1n su l\u00ednea pol\u00edtica, su forma de participaci\u00f3n electoral y su plataforma de supervivencia.<\/p>\n<p>Los acuerdos de ese c\u00f3nclave ser\u00e1n fundamentales en la vida electoral del pa\u00eds. Lo que ah\u00ed se haga o deje de hacer ser\u00e1 usado por la oposici\u00f3n para generar sus propias estrategias a fin de recuperar el gobierno de la Rep\u00fablica, en el caso del PAN o bien, por fin, conquistar ese espacio, en el caso de Andr\u00e9s Manuel L\u00f3pez Obrador y el resto de las fuerzas, afianzar\u00e1n sus acciones de cara a esos comicios.<\/p>\n<p>Pero en el caso de Tlaxcala, las resoluciones tambi\u00e9n incidir\u00e1n en la forma en que habr\u00e1n de enfrentar la elecci\u00f3n e integraci\u00f3n de las f\u00f3rmulas que buscar\u00e1n hacerse del triunfo en los comicios al Senado de la Rep\u00fablica, a la C\u00e1mara de Diputados federal y al Poder Legislativo local.<\/p>\n<p>Todos\u00a0 los ojos estar\u00e1n en las decisiones o imposiciones en el PRI, porque el futuro de ese partido est\u00e1 en juego y los adversarios lo saben y ya hacen sus propias apuestas a fin de sacar una eventual ganancia.<\/p>\n<p><strong>Al margen:<\/strong><\/p>\n<p>Gracias amable lector por regalarnos su tiempo y visita. Tras un breve espacio de descanso, regresamos a compartir con ustedes algunos pensamientos sobre la realidad que observamos de nuestro Tlaxcala, de sus actores y de sus circunstancias.<\/p>\n<p>&nbsp;<\/p>\n","protected":false},"excerpt":{"rendered":"<p>El verano electoral con miras a los comicios del pr\u00f3ximo a\u00f1o est\u00e1 caliente. Nadie quiere dejar de salir en la foto y la mayor\u00eda de los actores pol\u00edticos ya trabajan en sus apuestas en una loca carrera que los posicione como los futuros senadores, o diputados federales o locales y en el PRI se define [&hellip;]<\/p>\n","protected":false},"author":13,"featured_media":0,"comment_status":"open","ping_status":"open","sticky":false,"template":"","format":"standard","meta":{"om_disable_all_campaigns":false,"_monsterinsights_skip_tracking":false,"_monsterinsights_sitenote_active":false,"_monsterinsights_sitenote_note":"","_monsterinsights_sitenote_category":0,"jnews-multi-image_gallery":[],"jnews_single_post":[],"jnews_primary_category":[],"footnotes":""},"categories":[],"tags":[],"class_list":["post-21384","post","type-post","status-publish","format-standard","hentry"],"aioseo_notices":[],"_links":{"self":[{"href":"https:\/\/estado29.mx\/index.php?rest_route=\/wp\/v2\/posts\/21384","targetHints":{"allow":["GET"]}}],"collection":[{"href":"https:\/\/estado29.mx\/index.php?rest_route=\/wp\/v2\/posts"}],"about":[{"href":"https:\/\/estado29.mx\/index.php?rest_route=\/wp\/v2\/types\/post"}],"author":[{"embeddable":true,"href":"https:\/\/estado29.mx\/index.php?rest_route=\/wp\/v2\/users\/13"}],"replies":[{"embeddable":true,"href":"https:\/\/estado29.mx\/index.php?rest_route=%2Fwp%2Fv2%2Fcomments&post=21384"}],"version-history":[{"count":3,"href":"https:\/\/estado29.mx\/index.php?rest_route=\/wp\/v2\/posts\/21384\/revisions"}],"predecessor-version":[{"id":21387,"href":"https:\/\/estado29.mx\/index.php?rest_route=\/wp\/v2\/posts\/21384\/revisions\/21387"}],"wp:attachment":[{"href":"https:\/\/estado29.mx\/index.php?rest_route=%2Fwp%2Fv2%2Fmedia&parent=21384"}],"wp:term":[{"taxonomy":"category","embeddable":true,"href":"https:\/\/estado29.mx\/index.php?rest_route=%2Fwp%2Fv2%2Fcategories&post=21384"},{"taxonomy":"post_tag","embeddable":true,"href":"https:\/\/estado29.mx\/index.php?rest_route=%2Fwp%2Fv2%2Ftags&post=21384"}],"curies":[{"name":"wp","href":"https:\/\/api.w.org\/{rel}","templated":true}]}}