{"id":21388,"date":"2017-08-07T20:40:03","date_gmt":"2017-08-08T01:40:03","guid":{"rendered":"http:\/\/estado29.mx\/?p=21388"},"modified":"2017-08-07T20:15:03","modified_gmt":"2017-08-08T01:15:03","slug":"logran-concentrarse-200-personas-la-valoracion-medica-beneficiados-la-primera-jornada-cirugia-extramuros","status":"publish","type":"post","link":"https:\/\/estado29.mx\/?p=21388","title":{"rendered":"Logran concentrarse 200 personas para la valoraci\u00f3n m\u00e9dica para ser beneficiados de la Primera Jornada de Cirug\u00eda Extramuros"},"content":{"rendered":"<p><em>En esta valoraci\u00f3n estuvo el Director de la Asociaci\u00f3n Mexicana de Cirug\u00eda de la Mano, V\u00edctor Azpeitia Pe\u00f1a, y de miembros certificados<\/em><\/p>\n<p>&nbsp;<\/p>\n<p>Logran realizar 200 valoraciones m\u00e9dicas a personas interesadas en ser beneficiaras de la Primera Jornada de Cirug\u00eda Extramuros de Mano, que organizan el Sistema Estatal para el Desarrollo Integral de la Familia (DIF) y la Secretar\u00eda de Salud (Sesa).<\/p>\n<p>&nbsp;<\/p>\n<p>Al Centro de Salud Urbano de Tlaxcala se dieron tlaxcaltecas de diversos municipios, con la esperanza de ser favorecidos con esta cirug\u00eda, \u00fanica y exclusiva para la entidad, por primera ocasi\u00f3n, el pr\u00f3ximo 26 de agosto, en el Hospital General de San Pablo del Monte.<\/p>\n<p>&nbsp;<\/p>\n<p>Alberto Jonguitud Falc\u00f3n, titular de la Secretaria de Salud, afirm\u00f3 que esta campa\u00f1a est\u00e1 dirigida a ciudadanos que no cuentan con los recursos para practicarse este tipo de intervenci\u00f3n quir\u00fargica.<\/p>\n<p>&nbsp;<\/p>\n<p>\u201cLa intenci\u00f3n del Gobierno del Estado es sumar esfuerzos para que se atienda a las personas que presentan problemas en las manos, y que pueden ser resueltos con cirug\u00edas especializadas\u201d, expres\u00f3.<\/p>\n<p>&nbsp;<\/p>\n<p>En esta valoraci\u00f3n estuvo el Director de la Asociaci\u00f3n Mexicana de Cirug\u00eda de la Mano, V\u00edctor Azpeitia Pe\u00f1a, y de miembros certificados de esta instituci\u00f3n, quienes realizaron las valoraciones m\u00e9dicas.<\/p>\n<p>&nbsp;<\/p>\n<p>Esta Primera Jornada de Cirug\u00eda Extramuros de Mano beneficiar\u00e1 a 40 personas que presentan secuelas de quemaduras, mano reum\u00e1tica y esp\u00e1stica, compresiones de nervios perif\u00e9ricos y tumores benignos.<\/p>\n<p>&nbsp;<\/p>\n","protected":false},"excerpt":{"rendered":"<p>En esta valoraci\u00f3n estuvo el Director de la Asociaci\u00f3n Mexicana de Cirug\u00eda de la Mano, V\u00edctor Azpeitia Pe\u00f1a, y de miembros certificados &nbsp; Logran realizar 200 valoraciones m\u00e9dicas a personas interesadas en ser beneficiaras de la Primera Jornada de Cirug\u00eda Extramuros de Mano, que organizan el Sistema Estatal para el Desarrollo Integral de la Familia [&hellip;]<\/p>\n","protected":false},"author":28,"featured_media":0,"comment_status":"open","ping_status":"open","sticky":false,"template":"","format":"standard","meta":{"om_disable_all_campaigns":false,"_monsterinsights_skip_tracking":false,"_monsterinsights_sitenote_active":false,"_monsterinsights_sitenote_note":"","_monsterinsights_sitenote_category":0,"jnews-multi-image_gallery":[],"jnews_single_post":[],"jnews_primary_category":[],"footnotes":""},"categories":[],"tags":[],"class_list":["post-21388","post","type-post","status-publish","format-standard","hentry"],"aioseo_notices":[],"_links":{"self":[{"href":"https:\/\/estado29.mx\/index.php?rest_route=\/wp\/v2\/posts\/21388","targetHints":{"allow":["GET"]}}],"collection":[{"href":"https:\/\/estado29.mx\/index.php?rest_route=\/wp\/v2\/posts"}],"about":[{"href":"https:\/\/estado29.mx\/index.php?rest_route=\/wp\/v2\/types\/post"}],"author":[{"embeddable":true,"href":"https:\/\/estado29.mx\/index.php?rest_route=\/wp\/v2\/users\/28"}],"replies":[{"embeddable":true,"href":"https:\/\/estado29.mx\/index.php?rest_route=%2Fwp%2Fv2%2Fcomments&post=21388"}],"version-history":[{"count":1,"href":"https:\/\/estado29.mx\/index.php?rest_route=\/wp\/v2\/posts\/21388\/revisions"}],"predecessor-version":[{"id":21390,"href":"https:\/\/estado29.mx\/index.php?rest_route=\/wp\/v2\/posts\/21388\/revisions\/21390"}],"wp:attachment":[{"href":"https:\/\/estado29.mx\/index.php?rest_route=%2Fwp%2Fv2%2Fmedia&parent=21388"}],"wp:term":[{"taxonomy":"category","embeddable":true,"href":"https:\/\/estado29.mx\/index.php?rest_route=%2Fwp%2Fv2%2Fcategories&post=21388"},{"taxonomy":"post_tag","embeddable":true,"href":"https:\/\/estado29.mx\/index.php?rest_route=%2Fwp%2Fv2%2Ftags&post=21388"}],"curies":[{"name":"wp","href":"https:\/\/api.w.org\/{rel}","templated":true}]}}