{"id":21391,"date":"2017-08-07T20:35:58","date_gmt":"2017-08-08T01:35:58","guid":{"rendered":"http:\/\/estado29.mx\/?p=21391"},"modified":"2017-08-07T20:35:58","modified_gmt":"2017-08-08T01:35:58","slug":"supervisa-proteccion-civil-zonas-tras-lluvia-granizada","status":"publish","type":"post","link":"https:\/\/estado29.mx\/?p=21391","title":{"rendered":"Supervisa Protecci\u00f3n Civil Zonas tras lluvia y granizada"},"content":{"rendered":"<p><em>Hasta el momento se reportan encharcamientos en algunas vialidades y la acumulaci\u00f3n de granizo en calles y azoteas de la capital.<\/em><\/p>\n<p>La Coordinaci\u00f3n Estatal de Protecci\u00f3n Civil (CEPC) monitorea y supervisa diferentes puntos de la zona centro de la entidad para descartar posibles da\u00f1os, tras la lluvia y granizada que se registr\u00f3 esta tarde.<\/p>\n<p>&nbsp;<\/p>\n<p>Joaqu\u00edn Pluma Morales, titular de la CEPC, inform\u00f3 que a trav\u00e9s de los directores municipales de Protecci\u00f3n Civil se realizan recorridos por diferentes demarcaciones, con la finalidad de detectar afectaciones que requieran del apoyo de los cuerpos de emergencia.<\/p>\n<p>&nbsp;<\/p>\n<p>El funcionario detall\u00f3 que hasta el momento el aguacero provoc\u00f3 encharcamientos en algunas vialidades y la acumulaci\u00f3n de granizo en calles y azoteas de la capital.<\/p>\n<p>&nbsp;<\/p>\n<p>Pluma Morales enfatiz\u00f3 que el personal de esta dependencia, en coordinaci\u00f3n con los municipios, se mantendr\u00e1 alerta para que, en caso de ser necesario, se brinde atenci\u00f3n oportuna a la poblaci\u00f3n tlaxcalteca.<\/p>\n<p>&nbsp;<\/p>\n<p>El Coordinador Estatal de Protecci\u00f3n Civil puso a disposici\u00f3n de las personas los n\u00fameros telef\u00f3nicos 46 2 54 79 y 46 2 17 25, para que reporten da\u00f1os en sus viviendas o comunidades, resultado de las precipitaciones pluviales que se presentan en esta temporada.<\/p>\n","protected":false},"excerpt":{"rendered":"<p>Hasta el momento se reportan encharcamientos en algunas vialidades y la acumulaci\u00f3n de granizo en calles y azoteas de la capital. La Coordinaci\u00f3n Estatal de Protecci\u00f3n Civil (CEPC) monitorea y supervisa diferentes puntos de la zona centro de la entidad para descartar posibles da\u00f1os, tras la lluvia y granizada que se registr\u00f3 esta tarde. &nbsp; [&hellip;]<\/p>\n","protected":false},"author":28,"featured_media":0,"comment_status":"open","ping_status":"open","sticky":false,"template":"","format":"standard","meta":{"om_disable_all_campaigns":false,"_monsterinsights_skip_tracking":false,"_monsterinsights_sitenote_active":false,"_monsterinsights_sitenote_note":"","_monsterinsights_sitenote_category":0,"jnews-multi-image_gallery":[],"jnews_single_post":[],"jnews_primary_category":[],"footnotes":""},"categories":[],"tags":[],"class_list":["post-21391","post","type-post","status-publish","format-standard","hentry"],"aioseo_notices":[],"_links":{"self":[{"href":"https:\/\/estado29.mx\/index.php?rest_route=\/wp\/v2\/posts\/21391","targetHints":{"allow":["GET"]}}],"collection":[{"href":"https:\/\/estado29.mx\/index.php?rest_route=\/wp\/v2\/posts"}],"about":[{"href":"https:\/\/estado29.mx\/index.php?rest_route=\/wp\/v2\/types\/post"}],"author":[{"embeddable":true,"href":"https:\/\/estado29.mx\/index.php?rest_route=\/wp\/v2\/users\/28"}],"replies":[{"embeddable":true,"href":"https:\/\/estado29.mx\/index.php?rest_route=%2Fwp%2Fv2%2Fcomments&post=21391"}],"version-history":[{"count":1,"href":"https:\/\/estado29.mx\/index.php?rest_route=\/wp\/v2\/posts\/21391\/revisions"}],"predecessor-version":[{"id":21393,"href":"https:\/\/estado29.mx\/index.php?rest_route=\/wp\/v2\/posts\/21391\/revisions\/21393"}],"wp:attachment":[{"href":"https:\/\/estado29.mx\/index.php?rest_route=%2Fwp%2Fv2%2Fmedia&parent=21391"}],"wp:term":[{"taxonomy":"category","embeddable":true,"href":"https:\/\/estado29.mx\/index.php?rest_route=%2Fwp%2Fv2%2Fcategories&post=21391"},{"taxonomy":"post_tag","embeddable":true,"href":"https:\/\/estado29.mx\/index.php?rest_route=%2Fwp%2Fv2%2Ftags&post=21391"}],"curies":[{"name":"wp","href":"https:\/\/api.w.org\/{rel}","templated":true}]}}