{"id":21399,"date":"2017-08-08T12:20:39","date_gmt":"2017-08-08T17:20:39","guid":{"rendered":"http:\/\/estado29.mx\/?p=21399"},"modified":"2017-08-08T18:21:19","modified_gmt":"2017-08-08T23:21:19","slug":"continuan-pronunciamientos-en-contra-la-negativa-alerta-violencia-genero","status":"publish","type":"post","link":"https:\/\/estado29.mx\/?p=21399","title":{"rendered":"Contin\u00faan pronunciamientos en contra de la negativa de Alerta de Violencia de G\u00e9nero"},"content":{"rendered":"<p>&nbsp;<\/p>\n<p><em>Estar\u00e1n al tanto de las seis nuevas recomendaciones que son id\u00e9nticas a las primeras nueve, hechas en noviembre de 2016, y donde hay un nuevo plazo de seis meses<\/em><\/p>\n<p>Nuevamente\u00a0 organizaciones de la sociedad civil, activistas, acad\u00e9micas, l\u00edderes de opini\u00f3n y dem\u00e1s integrantes del Colectivo Feminista de Tlaxcala se pronunciaron en contra de la negativa de Alerta de Violencia de G\u00e9nero (AVG) para le entidad, porque esto refleja a un gobierno federal omiso, y un gobierno local poco asertivo.<\/p>\n<p>En rueda de prensa, aseveraron que despu\u00e9s de visibilizar las nuevas seis recomendaciones hechas por la Comisi\u00f3n Nacional para Prevenir y Erradicar la Violencia contra las Mujeres (Conavim), el Colectivo Feminista de Tlaxcala junto con otras Organizaciones exigen al gobierno del estado que cumpla de manera seria, objetiva y real con acciones contundentes y estrat\u00e9gicas.<\/p>\n<p>\u201cLas Organizaciones\u00a0 de la Sociedad Civil conocemos el problema porque trabajamos con la base social, desde hace muchos a\u00f1os hemos contribuido a que las mujeres accedan a la justicia social. Es menester que la sociedad y el gobierno creen puentes de comunicaci\u00f3n para trabajar por un mismo fin y buscar un cambio urgente y necesario para Tlaxcala\u201d, indicaron.<\/p>\n<p>Argumentaron que estar\u00e1n al tanto de las seis nuevas recomendaciones que son id\u00e9nticas a las primeras nueve, hechas en noviembre de 2016, y donde hay un nuevo plazo de seis meses. Por lo que como colectivo tambi\u00e9n propone diversas acciones a realizar, a trav\u00e9s de un documento que entregar\u00e1n a la Secretar\u00eda de Gobierno (Segob).<\/p>\n<p>Solicitan que se haga una campa\u00f1a estatal para que la poblaci\u00f3n reconozca el problema, a trav\u00e9s de la difusi\u00f3n clara y una prevenci\u00f3n oportuna.<\/p>\n<p>Asimismo, destacaron que deben acudir a los corredores m\u00e1s importantes y conocer la realidad que viven las mujeres v\u00edctimas de trata y elaborar un diagn\u00f3stico real y concreto.<\/p>\n<p>Se\u00f1alaron en crear un programa estatal que trabaje de manera coordinada entre las instituciones, la sociedad civil y la poblaci\u00f3n en general multidisciplinar e interinstitucional en materia de derechos humanos.<\/p>\n<p>Aunado,\u00a0 dijeron que urgen acciones para desmantelar grupos delictivos en los diversos municipios de Tlaxcala, con la intenci\u00f3n de que las mujeres tengan justicia por todas las violencias vividas y por los delitos en materia de trata de personas evitando la colusi\u00f3n y la impunidad.<\/p>\n<p>Resaltaron que las acciones del gobierno del estado, no son las suficientes, ni las pertinentes para abatir el problema, ya que carecen de estrategia, de objetivos claros y de reconocimiento de la situaci\u00f3n real.<\/p>\n<p>A esto, complementaron que sigue prevaleciendo la revictimizaci\u00f3n y poca credibilidad en la palabra de las mujeres.<\/p>\n<p>Complementaron que el gobierno estatal s\u00f3lo cumpli\u00f3 de manera administrativa y no de fondo, como es el banco estatal de datos y el servicio de informaci\u00f3n georreferenciada, la NOM-046 y el Centro de Justicia para las Mujeres.<\/p>\n<p>Concluyeron que es necesaria la Alerta de Violencia de G\u00e9nero, siempre que las mujeres vivan una situaci\u00f3n violenta, porque esto lastima y trastoca sus derechos.<\/p>\n<p>&nbsp;<\/p>\n<p>&nbsp;<\/p>\n<p>&nbsp;<\/p>\n","protected":false},"excerpt":{"rendered":"<p>&nbsp; Estar\u00e1n al tanto de las seis nuevas recomendaciones que son id\u00e9nticas a las primeras nueve, hechas en noviembre de 2016, y donde hay un nuevo plazo de seis meses Nuevamente\u00a0 organizaciones de la sociedad civil, activistas, acad\u00e9micas, l\u00edderes de opini\u00f3n y dem\u00e1s integrantes del Colectivo Feminista de Tlaxcala se pronunciaron en contra de la [&hellip;]<\/p>\n","protected":false},"author":28,"featured_media":0,"comment_status":"open","ping_status":"open","sticky":false,"template":"","format":"standard","meta":{"om_disable_all_campaigns":false,"_monsterinsights_skip_tracking":false,"_monsterinsights_sitenote_active":false,"_monsterinsights_sitenote_note":"","_monsterinsights_sitenote_category":0,"jnews-multi-image_gallery":[],"jnews_single_post":[],"jnews_primary_category":[],"footnotes":""},"categories":[],"tags":[],"class_list":["post-21399","post","type-post","status-publish","format-standard","hentry"],"aioseo_notices":[],"_links":{"self":[{"href":"https:\/\/estado29.mx\/index.php?rest_route=\/wp\/v2\/posts\/21399","targetHints":{"allow":["GET"]}}],"collection":[{"href":"https:\/\/estado29.mx\/index.php?rest_route=\/wp\/v2\/posts"}],"about":[{"href":"https:\/\/estado29.mx\/index.php?rest_route=\/wp\/v2\/types\/post"}],"author":[{"embeddable":true,"href":"https:\/\/estado29.mx\/index.php?rest_route=\/wp\/v2\/users\/28"}],"replies":[{"embeddable":true,"href":"https:\/\/estado29.mx\/index.php?rest_route=%2Fwp%2Fv2%2Fcomments&post=21399"}],"version-history":[{"count":4,"href":"https:\/\/estado29.mx\/index.php?rest_route=\/wp\/v2\/posts\/21399\/revisions"}],"predecessor-version":[{"id":21445,"href":"https:\/\/estado29.mx\/index.php?rest_route=\/wp\/v2\/posts\/21399\/revisions\/21445"}],"wp:attachment":[{"href":"https:\/\/estado29.mx\/index.php?rest_route=%2Fwp%2Fv2%2Fmedia&parent=21399"}],"wp:term":[{"taxonomy":"category","embeddable":true,"href":"https:\/\/estado29.mx\/index.php?rest_route=%2Fwp%2Fv2%2Fcategories&post=21399"},{"taxonomy":"post_tag","embeddable":true,"href":"https:\/\/estado29.mx\/index.php?rest_route=%2Fwp%2Fv2%2Ftags&post=21399"}],"curies":[{"name":"wp","href":"https:\/\/api.w.org\/{rel}","templated":true}]}}