{"id":21405,"date":"2017-08-08T13:30:56","date_gmt":"2017-08-08T18:30:56","guid":{"rendered":"http:\/\/estado29.mx\/?p=21405"},"modified":"2017-08-08T13:30:56","modified_gmt":"2017-08-08T18:30:56","slug":"gestiona-ayuntamiento-cuapiaxtla-38-mdp-obras","status":"publish","type":"post","link":"https:\/\/estado29.mx\/?p=21405","title":{"rendered":"Gestiona ayuntamiento de Cuapiaxtla m\u00e1s de 38 mdp para obras."},"content":{"rendered":"<p>El Presidente Municipal de Cuapiaxtla, Arturo Hern\u00e1ndez Hern\u00e1ndez, refiri\u00f3 que las acciones de imagen urbana para el municipio se encuentran en ejecuci\u00f3n, en las cuales tienen una inversi\u00f3n de m\u00e1s de 34 millones de pesos.  <\/p>\n<p>En este sentido, coment\u00f3 que a trav\u00e9s de gestiones ante instancias estatales se logr\u00f3 este proyecto &#8220;tenemos diferentes obras ya iniciadas,unas en proceso, algunas est\u00e1n concluyendo, la principal es la obra de imagen urbana, la cual, pues tiene una inversi\u00f3n de m\u00e1s de 34 millones de pesos, que el se\u00f1or gobernador Marco Antonio Mena nos hizo distinguir con el apoyo del recurso, en est\u00e1 en proceso de ejecuci\u00f3n&#8221;.<\/p>\n<p>Aunado a los trabajos mencionados, se obtuvieron 4 millones de pesos m\u00e1s, gesti\u00f3n realizada en instancias federales &#8220;a su vez tambi\u00e9n tenemos 4 millones de pesos asignados por la diputada federal, Rosalinda Mu\u00f1oz S\u00e1nchez, donde se ejecutar\u00e1n principalmente techumbres para escuelas y a su vez, a trav\u00e9s del fondo de infraestructura municipal, lo estamos ejerciendo en las comunidades y en la cabecera, como lo marcan los lineamientos, en drenajes, alcantarillado, agua potable, combate a la pobreza&#8221;.<\/p>\n<p>Finalmente, Hern\u00e1ndez Hern\u00e1ndez asegur\u00f3 que &#8220;estamos trabajando, estamos haciendo un esfuerzo, por traer todav\u00eda en lo que resta del a\u00f1o, m\u00e1s inversi\u00f3n p\u00fablica, de diferentes programas federales y estatales&#8221;.<\/p>\n","protected":false},"excerpt":{"rendered":"<p>El Presidente Municipal de Cuapiaxtla, Arturo Hern\u00e1ndez Hern\u00e1ndez, refiri\u00f3 que las acciones de imagen urbana para el municipio se encuentran en ejecuci\u00f3n, en las cuales tienen una inversi\u00f3n de m\u00e1s de 34 millones de pesos. En este sentido, coment\u00f3 que a trav\u00e9s de gestiones ante instancias estatales se logr\u00f3 este proyecto &#8220;tenemos diferentes obras ya [&hellip;]<\/p>\n","protected":false},"author":22,"featured_media":0,"comment_status":"open","ping_status":"open","sticky":false,"template":"","format":"standard","meta":{"om_disable_all_campaigns":false,"_monsterinsights_skip_tracking":false,"_monsterinsights_sitenote_active":false,"_monsterinsights_sitenote_note":"","_monsterinsights_sitenote_category":0,"jnews-multi-image_gallery":[],"jnews_single_post":[],"jnews_primary_category":[],"footnotes":""},"categories":[],"tags":[],"class_list":["post-21405","post","type-post","status-publish","format-standard","hentry"],"aioseo_notices":[],"_links":{"self":[{"href":"https:\/\/estado29.mx\/index.php?rest_route=\/wp\/v2\/posts\/21405","targetHints":{"allow":["GET"]}}],"collection":[{"href":"https:\/\/estado29.mx\/index.php?rest_route=\/wp\/v2\/posts"}],"about":[{"href":"https:\/\/estado29.mx\/index.php?rest_route=\/wp\/v2\/types\/post"}],"author":[{"embeddable":true,"href":"https:\/\/estado29.mx\/index.php?rest_route=\/wp\/v2\/users\/22"}],"replies":[{"embeddable":true,"href":"https:\/\/estado29.mx\/index.php?rest_route=%2Fwp%2Fv2%2Fcomments&post=21405"}],"version-history":[{"count":1,"href":"https:\/\/estado29.mx\/index.php?rest_route=\/wp\/v2\/posts\/21405\/revisions"}],"predecessor-version":[{"id":21407,"href":"https:\/\/estado29.mx\/index.php?rest_route=\/wp\/v2\/posts\/21405\/revisions\/21407"}],"wp:attachment":[{"href":"https:\/\/estado29.mx\/index.php?rest_route=%2Fwp%2Fv2%2Fmedia&parent=21405"}],"wp:term":[{"taxonomy":"category","embeddable":true,"href":"https:\/\/estado29.mx\/index.php?rest_route=%2Fwp%2Fv2%2Fcategories&post=21405"},{"taxonomy":"post_tag","embeddable":true,"href":"https:\/\/estado29.mx\/index.php?rest_route=%2Fwp%2Fv2%2Ftags&post=21405"}],"curies":[{"name":"wp","href":"https:\/\/api.w.org\/{rel}","templated":true}]}}