{"id":21414,"date":"2017-08-08T14:40:22","date_gmt":"2017-08-08T19:40:22","guid":{"rendered":"http:\/\/estado29.mx\/?p=21414"},"modified":"2017-08-08T14:26:15","modified_gmt":"2017-08-08T19:26:15","slug":"reestructuran-mesa-directiva-eliminan-a-floria-maria-hernandez","status":"publish","type":"post","link":"https:\/\/estado29.mx\/?p=21414","title":{"rendered":"Reestructuran Mesa Directiva, eliminan a Floria Mar\u00eda Hern\u00e1ndez"},"content":{"rendered":"<p><strong><em>\u00a0Fue un asunto meramente pol\u00edtico, asegura la diputada perredista por mostrar su apoyo a AMLO. <\/em><\/strong><\/p>\n<p>Tras mostrar su apoyo al proyecto de naci\u00f3n de Andr\u00e9s Manuel L\u00f3pez Obrador y su anhelo por ser candidata a la Senadur\u00eda por el Partido Movimiento de Regeneraci\u00f3n Nacional (Morena), la diputada perredista Floria Mar\u00eda Hern\u00e1ndez Hern\u00e1ndez, fue sustituida como Primera Secretar\u00eda de la Mesa Directiva del Congreso local por su compa\u00f1ero de bancada, C\u00e9sar Fredy Cuatecontzi Cuahutle.<\/p>\n<p>Durante la sesi\u00f3n ordinaria del Congreso local, se abord\u00f3 la reforma del punto primero del acuerdo de fecha 31 de julio de\u00a0 2017, por el que se integr\u00f3 la Mesa Directiva que fungir\u00eda del 1 de agosto al 15 de diciembre de 2017, acuerdo que fue tomado al interior de la Junta de Coordinaci\u00f3n y Concertaci\u00f3n Pol\u00edtica (JCCP) a petici\u00f3n del grupo parlamentario del Partido de la Revoluci\u00f3n Democr\u00e1tica (PRD).<\/p>\n<p>Esa propuesta fue votada por los integrantes de la LXII Legislatura, y con 18 votos a favor, se determin\u00f3 el cambio en la Primera Secretar\u00eda de la representaci\u00f3n legal del Congreso.<\/p>\n<p>Una vez que se llev\u00f3 a cabo el cambio en la Mesa Directiva, en asuntos generales de la sesi\u00f3n ordinaria, \u00a0la diputada Floria Mar\u00eda Hern\u00e1ndez, reclam\u00f3 desde la m\u00e1xima tribuna su remoci\u00f3n, para ello refiri\u00f3 que el Reglamento Interno del Congreso las causas son violaciones graves a la Constituci\u00f3n, a la Ley Org\u00e1nica o al Reglamento interior, supuestos que en este caso no se cumplieron.<\/p>\n<p>Por lo cual sostuvo que su cambio se debe a un asunto pol\u00edtico, por haber manifestado su apoyo total al proyecto de naci\u00f3n de Andr\u00e9s Manuel L\u00f3pez Obrador, y su intenci\u00f3n de contender en el proceso electoral de 2018 como candidata a Senadora pero por el Partido Movimiento de Regeneraci\u00f3n Nacional y no por el instituto pol\u00edtico que la coloc\u00f3 como diputada plurinominal en el Congreso del Estado, el Partido de la Revoluci\u00f3n Democr\u00e1tica (PRD).<\/p>\n<p>\u201cConsideraba, y creo que estamos en un pa\u00eds libre y que por mencionar cuales son nuestras cuestiones ideol\u00f3gicas, yo cre\u00eda que esto no iba a tener repercusiones; sin embargo asumo esta responsabilidad y desde luego me someto al juicio de mis compa\u00f1eros diputados, esto es un asunto pol\u00edtico y no cre\u00ed que esto influyera de tal forma, sin embargo el pueblo de Tlaxcala tendr\u00e1 su veredicto final a esta decisi\u00f3n que han tomado los diputados de la LXII legislatura porque esto no solamente puede referirse a la fracci\u00f3n parlamentaria del PRD, creo que esto tiene que ver con toda la legislatura y ser\u00e1 el pueblo de Tlaxcala quien se los demande o se los reproche, sentenci\u00f3.<\/p>\n<p>&nbsp;<\/p>\n<p>&nbsp;<\/p>\n<p>&nbsp;<\/p>\n<p>&nbsp;<\/p>\n<p>&nbsp;<\/p>\n","protected":false},"excerpt":{"rendered":"<p>\u00a0Fue un asunto meramente pol\u00edtico, asegura la diputada perredista por mostrar su apoyo a AMLO. Tras mostrar su apoyo al proyecto de naci\u00f3n de Andr\u00e9s Manuel L\u00f3pez Obrador y su anhelo por ser candidata a la Senadur\u00eda por el Partido Movimiento de Regeneraci\u00f3n Nacional (Morena), la diputada perredista Floria Mar\u00eda Hern\u00e1ndez Hern\u00e1ndez, fue sustituida como [&hellip;]<\/p>\n","protected":false},"author":31,"featured_media":0,"comment_status":"open","ping_status":"open","sticky":false,"template":"","format":"standard","meta":{"om_disable_all_campaigns":false,"_monsterinsights_skip_tracking":false,"_monsterinsights_sitenote_active":false,"_monsterinsights_sitenote_note":"","_monsterinsights_sitenote_category":0,"jnews-multi-image_gallery":[],"jnews_single_post":[],"jnews_primary_category":[],"footnotes":""},"categories":[],"tags":[],"class_list":["post-21414","post","type-post","status-publish","format-standard","hentry"],"aioseo_notices":[],"_links":{"self":[{"href":"https:\/\/estado29.mx\/index.php?rest_route=\/wp\/v2\/posts\/21414","targetHints":{"allow":["GET"]}}],"collection":[{"href":"https:\/\/estado29.mx\/index.php?rest_route=\/wp\/v2\/posts"}],"about":[{"href":"https:\/\/estado29.mx\/index.php?rest_route=\/wp\/v2\/types\/post"}],"author":[{"embeddable":true,"href":"https:\/\/estado29.mx\/index.php?rest_route=\/wp\/v2\/users\/31"}],"replies":[{"embeddable":true,"href":"https:\/\/estado29.mx\/index.php?rest_route=%2Fwp%2Fv2%2Fcomments&post=21414"}],"version-history":[{"count":1,"href":"https:\/\/estado29.mx\/index.php?rest_route=\/wp\/v2\/posts\/21414\/revisions"}],"predecessor-version":[{"id":21415,"href":"https:\/\/estado29.mx\/index.php?rest_route=\/wp\/v2\/posts\/21414\/revisions\/21415"}],"wp:attachment":[{"href":"https:\/\/estado29.mx\/index.php?rest_route=%2Fwp%2Fv2%2Fmedia&parent=21414"}],"wp:term":[{"taxonomy":"category","embeddable":true,"href":"https:\/\/estado29.mx\/index.php?rest_route=%2Fwp%2Fv2%2Fcategories&post=21414"},{"taxonomy":"post_tag","embeddable":true,"href":"https:\/\/estado29.mx\/index.php?rest_route=%2Fwp%2Fv2%2Ftags&post=21414"}],"curies":[{"name":"wp","href":"https:\/\/api.w.org\/{rel}","templated":true}]}}