{"id":21416,"date":"2017-08-08T15:30:23","date_gmt":"2017-08-08T20:30:23","guid":{"rendered":"http:\/\/estado29.mx\/?p=21416"},"modified":"2017-08-08T15:17:31","modified_gmt":"2017-08-08T20:17:31","slug":"habra-cuentas-publicas-2016-aprobadas-salvedad-garantiza-alberto-amaro","status":"publish","type":"post","link":"https:\/\/estado29.mx\/?p=21416","title":{"rendered":"No habr\u00e1 cuentas p\u00fablicas 2016 aprobadas con salvedad; garantiza Alberto Amaro"},"content":{"rendered":"<p><strong><em>Aprueban diputados las bases para dictaminar las cuentas p\u00fablicas del \u00faltimo trimestre del a\u00f1o pasado. <\/em><\/strong><\/p>\n<p>Los integrantes de la\u00a0 LXII Legislatura, aprobaron por mayor\u00eda de votos y en sesi\u00f3n ordinaria, las bases del procedimiento interno para la dictaminaci\u00f3n de las\u00a0 cuentas\u00a0 p\u00fablicas\u00a0 parciales de 2016, ah\u00ed el presidente de la Comisi\u00f3n de Finanzas y Fiscalizaci\u00f3n, Alberto Amaro Corona, inform\u00f3 que s\u00f3lo ser\u00e1n aplicados dos criterios \u201cAprobada\u201d o \u201cReprobada\u201d, dejando de lado la \u201cAprobaci\u00f3n con salvedades\u201d o \u201cGesti\u00f3n Razonable\u201d.<\/p>\n<p>Lo anterior, dijo es para frenar los \u201cvicios\u201d cultivados en legislaciones pasadas, adem\u00e1s insisti\u00f3 en que la Comisi\u00f3n de Finanzas y Fiscalizaci\u00f3n del Congreso local no cambiar\u00e1 el sentido de \u00a0ning\u00fan dictamen de las cuentas p\u00fablicas parciales correspondientes a los meses de octubre, noviembre y diciembre de 2016, con el prop\u00f3sito de \u201cterminar con la corrupci\u00f3n\u201d que es un aspecto que perjudica al Estado de Tlaxcala y al Pa\u00eds.<\/p>\n<p>En ese sentido, reiter\u00f3 \u201cnuestro compromiso con el pueblo de Tlaxcala, de combatir la corrupci\u00f3n y la impunidad, hacer de la fiscalizaci\u00f3n un ejercicio profesional y transparente de la rendici\u00f3n de las cuentas p\u00fablicas, porque finalmente se trata de los recursos de todo el pueblo, quiero dejar claro que esta comisi\u00f3n trae el compromiso de terminar con una serie de vicios en esta ocasi\u00f3n la comisi\u00f3n ha tomado la determinaci\u00f3n de solamente utilizar dos conceptos el de aprobados o reprobados\u201d.<\/p>\n<p>En ese sentido, garantiz\u00f3 que en ning\u00fan momento se aplicar\u00e1 la \u201cAprobaci\u00f3n con salvedad\u201d o \u201cGesti\u00f3n razonable\u201d, para desterrar esos conceptos de la dictaminaci\u00f3n de cuentas p\u00fablicas.<\/p>\n<p>Tambi\u00e9n, Alberto Amaro, sostuvo que dar\u00e1n seguimiento a los\u00a0 procedimientos\u00a0\u00a0 de responsabilidad\u00a0 indemnizatorios \u00a0iniciados, las denuncias presentadas, las promociones de responsabilidad\u00a0 administrativa\u00a0 solicitados,\u00a0 los\u00a0 recursos\u00a0 de\u00a0\u00a0\u00a0\u00a0 revocaci\u00f3n presentados, y dem\u00e1s acciones promovidas a los entes fiscalizables, con el objetivo de que no haya impunidad para quienes se les compruebe que hicieron mal uso de los recursos p\u00fablicos.<\/p>\n<p>&nbsp;<\/p>\n","protected":false},"excerpt":{"rendered":"<p>Aprueban diputados las bases para dictaminar las cuentas p\u00fablicas del \u00faltimo trimestre del a\u00f1o pasado. Los integrantes de la\u00a0 LXII Legislatura, aprobaron por mayor\u00eda de votos y en sesi\u00f3n ordinaria, las bases del procedimiento interno para la dictaminaci\u00f3n de las\u00a0 cuentas\u00a0 p\u00fablicas\u00a0 parciales de 2016, ah\u00ed el presidente de la Comisi\u00f3n de Finanzas y Fiscalizaci\u00f3n, [&hellip;]<\/p>\n","protected":false},"author":31,"featured_media":0,"comment_status":"open","ping_status":"open","sticky":false,"template":"","format":"standard","meta":{"om_disable_all_campaigns":false,"_monsterinsights_skip_tracking":false,"_monsterinsights_sitenote_active":false,"_monsterinsights_sitenote_note":"","_monsterinsights_sitenote_category":0,"jnews-multi-image_gallery":[],"jnews_single_post":[],"jnews_primary_category":[],"footnotes":""},"categories":[],"tags":[],"class_list":["post-21416","post","type-post","status-publish","format-standard","hentry"],"aioseo_notices":[],"_links":{"self":[{"href":"https:\/\/estado29.mx\/index.php?rest_route=\/wp\/v2\/posts\/21416","targetHints":{"allow":["GET"]}}],"collection":[{"href":"https:\/\/estado29.mx\/index.php?rest_route=\/wp\/v2\/posts"}],"about":[{"href":"https:\/\/estado29.mx\/index.php?rest_route=\/wp\/v2\/types\/post"}],"author":[{"embeddable":true,"href":"https:\/\/estado29.mx\/index.php?rest_route=\/wp\/v2\/users\/31"}],"replies":[{"embeddable":true,"href":"https:\/\/estado29.mx\/index.php?rest_route=%2Fwp%2Fv2%2Fcomments&post=21416"}],"version-history":[{"count":1,"href":"https:\/\/estado29.mx\/index.php?rest_route=\/wp\/v2\/posts\/21416\/revisions"}],"predecessor-version":[{"id":21418,"href":"https:\/\/estado29.mx\/index.php?rest_route=\/wp\/v2\/posts\/21416\/revisions\/21418"}],"wp:attachment":[{"href":"https:\/\/estado29.mx\/index.php?rest_route=%2Fwp%2Fv2%2Fmedia&parent=21416"}],"wp:term":[{"taxonomy":"category","embeddable":true,"href":"https:\/\/estado29.mx\/index.php?rest_route=%2Fwp%2Fv2%2Fcategories&post=21416"},{"taxonomy":"post_tag","embeddable":true,"href":"https:\/\/estado29.mx\/index.php?rest_route=%2Fwp%2Fv2%2Ftags&post=21416"}],"curies":[{"name":"wp","href":"https:\/\/api.w.org\/{rel}","templated":true}]}}