{"id":21419,"date":"2017-08-08T16:00:49","date_gmt":"2017-08-08T21:00:49","guid":{"rendered":"http:\/\/estado29.mx\/?p=21419"},"modified":"2017-08-08T16:00:49","modified_gmt":"2017-08-08T21:00:49","slug":"intensifica-acciones-cruz-roja-feria-nacional-huamantla-2017","status":"publish","type":"post","link":"https:\/\/estado29.mx\/?p=21419","title":{"rendered":"Intensifica acciones Cruz Roja, por Feria Nacional Huamantla 2017."},"content":{"rendered":"<p>Ver\u00f3nica Ruiz Cort\u00e9s, Coordinadora del \u00c1rea de Socorros de Cruz Roja, Delegaci\u00f3n Huamantla, asever\u00f3 que derivado de la celebraci\u00f3n de la Feria Nacional Huamantla 2017, se han intensificado los trabajos e implementado estrategias para brindar a los pobladores mejor servicio.  <\/p>\n<p>En este sentido, Ruiz Cort\u00e9s coment\u00f3 que se colocan bases, en puntos que permitan actuar con rapidez, en caso de alguna emergencia &#8220;estamos en diferentes puntos, ahorita de la feria, estamos haciendo base o protecci\u00f3n en el Parque Ju\u00e1rez, ya que cuando hay algo, ahorita por mucho tr\u00e1fico y eso, se nos dificulta salir de la delegaci\u00f3n, entonces tengo una ambulancia en el parque, y as\u00ed nos est\u00e1 tocando el recinto ferial, nos toca, en ocasiones, en la Iglesia de la Caridad, junto con la otra corporaci\u00f3n&#8221;.<\/p>\n<p>Agreg\u00f3 que el personal con el que cuenta se ha incrementado &#8220;en total somos 16 param\u00e9dicos, llegan unos que, por lo mismo de que est\u00e1n estudiando, ahorita se incorporan en periodo vacacional, estamos haciendo base, por ejemplo el 14, en las orillas tambi\u00e9n ponemos una unidad para que tambi\u00e9n no se nos dificulte, por lo mismo de que cierran diferentes calles, entonces para salir de esos puntos&#8221;.<\/p>\n<p>Finalmente, dijo que se cuenta con seis unidades para brindar auxilio a las personas que necesiten atenci\u00f3n de emergencia en cualquiera de los eventos de la feria &#8220;actualmente contamos con seis unidades, las que estamos utilizando para protecci\u00f3n de feria&#8221;. <\/p>\n","protected":false},"excerpt":{"rendered":"<p>Ver\u00f3nica Ruiz Cort\u00e9s, Coordinadora del \u00c1rea de Socorros de Cruz Roja, Delegaci\u00f3n Huamantla, asever\u00f3 que derivado de la celebraci\u00f3n de la Feria Nacional Huamantla 2017, se han intensificado los trabajos e implementado estrategias para brindar a los pobladores mejor servicio. En este sentido, Ruiz Cort\u00e9s coment\u00f3 que se colocan bases, en puntos que permitan actuar [&hellip;]<\/p>\n","protected":false},"author":22,"featured_media":0,"comment_status":"open","ping_status":"open","sticky":false,"template":"","format":"standard","meta":{"om_disable_all_campaigns":false,"_monsterinsights_skip_tracking":false,"_monsterinsights_sitenote_active":false,"_monsterinsights_sitenote_note":"","_monsterinsights_sitenote_category":0,"jnews-multi-image_gallery":[],"jnews_single_post":[],"jnews_primary_category":[],"footnotes":""},"categories":[],"tags":[],"class_list":["post-21419","post","type-post","status-publish","format-standard","hentry"],"aioseo_notices":[],"_links":{"self":[{"href":"https:\/\/estado29.mx\/index.php?rest_route=\/wp\/v2\/posts\/21419","targetHints":{"allow":["GET"]}}],"collection":[{"href":"https:\/\/estado29.mx\/index.php?rest_route=\/wp\/v2\/posts"}],"about":[{"href":"https:\/\/estado29.mx\/index.php?rest_route=\/wp\/v2\/types\/post"}],"author":[{"embeddable":true,"href":"https:\/\/estado29.mx\/index.php?rest_route=\/wp\/v2\/users\/22"}],"replies":[{"embeddable":true,"href":"https:\/\/estado29.mx\/index.php?rest_route=%2Fwp%2Fv2%2Fcomments&post=21419"}],"version-history":[{"count":1,"href":"https:\/\/estado29.mx\/index.php?rest_route=\/wp\/v2\/posts\/21419\/revisions"}],"predecessor-version":[{"id":21422,"href":"https:\/\/estado29.mx\/index.php?rest_route=\/wp\/v2\/posts\/21419\/revisions\/21422"}],"wp:attachment":[{"href":"https:\/\/estado29.mx\/index.php?rest_route=%2Fwp%2Fv2%2Fmedia&parent=21419"}],"wp:term":[{"taxonomy":"category","embeddable":true,"href":"https:\/\/estado29.mx\/index.php?rest_route=%2Fwp%2Fv2%2Fcategories&post=21419"},{"taxonomy":"post_tag","embeddable":true,"href":"https:\/\/estado29.mx\/index.php?rest_route=%2Fwp%2Fv2%2Ftags&post=21419"}],"curies":[{"name":"wp","href":"https:\/\/api.w.org\/{rel}","templated":true}]}}