{"id":21423,"date":"2017-08-08T16:20:55","date_gmt":"2017-08-08T21:20:55","guid":{"rendered":"http:\/\/estado29.mx\/?p=21423"},"modified":"2017-08-08T16:20:55","modified_gmt":"2017-08-08T21:20:55","slug":"causas-ajenas-al-ayuntamiento-cancelan-presentacion-voladores-papantla","status":"publish","type":"post","link":"https:\/\/estado29.mx\/?p=21423","title":{"rendered":"Por causas ajenas al Ayuntamiento, cancelan presentaci\u00f3n \u201cVoladores de Papantla\u201d."},"content":{"rendered":"<p>El Ayuntamiento de Huamantla que encabeza su Presidente, Jorge S\u00e1nchez Jasso, informa que por motivos ajenos a la coordinaci\u00f3n de la \u201cFeria Nacional Huamantla 2017\u201d, los representantes de los \u201cVoladores de Papantla\u201d dieron a conocer la cancelaci\u00f3n de las 12 presentaciones que ten\u00edan programadas en el  Recinto Ferial de este municipio a partir de este 8 y hasta el 20 de agosto.<\/p>\n<p>De acuerdo a lo que dieron a conocer los representantes es que su equipo de trabajo est\u00e1 incompleto y no podr\u00edan realizar su presentaci\u00f3n del nivel internacional con el que acostumbran, por lo que pidieron disculpas a los huamantlecos y visitantes a este municipio.<\/p>\n<p>En este sentido el Presidente Municipal, Jorge S\u00e1nchez Jasso, pidi\u00f3 la comprensi\u00f3n de las personas interesadas en este evento y espera sea el pr\u00f3ximo a\u00f1o que los \u201cVoladores de Papantla\u201d,  puedan participar de manera oportuna en las actividades de la feria.<\/p>\n<p>Invit\u00f3 a los ciudadanos de Huamantla y a los turistas nacionales y extranjeros a disfrutar de los dem\u00e1s eventos gratuitos programados para los pr\u00f3ximos d\u00edas, como son el concurso de mini alfombras, la lucha libre triple A, las noches de leyendas, la tradicional huamantlada a desarrollarse a las 10:30 de la ma\u00f1ana, as\u00ed como del concierto para todos a efectuarse el pr\u00f3ximo 16 de agosto en el Parque Ju\u00e1rez, entre otras actividades.<\/p>\n","protected":false},"excerpt":{"rendered":"<p>El Ayuntamiento de Huamantla que encabeza su Presidente, Jorge S\u00e1nchez Jasso, informa que por motivos ajenos a la coordinaci\u00f3n de la \u201cFeria Nacional Huamantla 2017\u201d, los representantes de los \u201cVoladores de Papantla\u201d dieron a conocer la cancelaci\u00f3n de las 12 presentaciones que ten\u00edan programadas en el Recinto Ferial de este municipio a partir de este [&hellip;]<\/p>\n","protected":false},"author":12,"featured_media":0,"comment_status":"open","ping_status":"open","sticky":false,"template":"","format":"standard","meta":{"om_disable_all_campaigns":false,"_monsterinsights_skip_tracking":false,"_monsterinsights_sitenote_active":false,"_monsterinsights_sitenote_note":"","_monsterinsights_sitenote_category":0,"jnews-multi-image_gallery":[],"jnews_single_post":[],"jnews_primary_category":[],"footnotes":""},"categories":[],"tags":[],"class_list":["post-21423","post","type-post","status-publish","format-standard","hentry"],"aioseo_notices":[],"_links":{"self":[{"href":"https:\/\/estado29.mx\/index.php?rest_route=\/wp\/v2\/posts\/21423","targetHints":{"allow":["GET"]}}],"collection":[{"href":"https:\/\/estado29.mx\/index.php?rest_route=\/wp\/v2\/posts"}],"about":[{"href":"https:\/\/estado29.mx\/index.php?rest_route=\/wp\/v2\/types\/post"}],"author":[{"embeddable":true,"href":"https:\/\/estado29.mx\/index.php?rest_route=\/wp\/v2\/users\/12"}],"replies":[{"embeddable":true,"href":"https:\/\/estado29.mx\/index.php?rest_route=%2Fwp%2Fv2%2Fcomments&post=21423"}],"version-history":[{"count":1,"href":"https:\/\/estado29.mx\/index.php?rest_route=\/wp\/v2\/posts\/21423\/revisions"}],"predecessor-version":[{"id":21425,"href":"https:\/\/estado29.mx\/index.php?rest_route=\/wp\/v2\/posts\/21423\/revisions\/21425"}],"wp:attachment":[{"href":"https:\/\/estado29.mx\/index.php?rest_route=%2Fwp%2Fv2%2Fmedia&parent=21423"}],"wp:term":[{"taxonomy":"category","embeddable":true,"href":"https:\/\/estado29.mx\/index.php?rest_route=%2Fwp%2Fv2%2Fcategories&post=21423"},{"taxonomy":"post_tag","embeddable":true,"href":"https:\/\/estado29.mx\/index.php?rest_route=%2Fwp%2Fv2%2Ftags&post=21423"}],"curies":[{"name":"wp","href":"https:\/\/api.w.org\/{rel}","templated":true}]}}