{"id":21429,"date":"2017-08-08T16:40:38","date_gmt":"2017-08-08T21:40:38","guid":{"rendered":"http:\/\/estado29.mx\/?p=21429"},"modified":"2017-08-08T16:31:33","modified_gmt":"2017-08-08T21:31:33","slug":"declaran-a-la-elaboracion-talavera-patrimonio-cultural-inmaterial-san-pablo-del-monte","status":"publish","type":"post","link":"https:\/\/estado29.mx\/?p=21429","title":{"rendered":"Declaran a la elaboraci\u00f3n de talavera como Patrimonio Cultural Inmaterial de San Pablo del Monte \u00a0"},"content":{"rendered":"<p><strong><em>El \u00a0dictamen fue presentado por las Comisiones Unidas de Fomento Artesanal y MIPYMES y de Turismo.<\/em><\/strong><\/p>\n<p>Por mayor\u00eda de votos,\u00a0 los integrantes de la LXII Legislatura declararon a la elaboraci\u00f3n de art\u00edculos de talavera como Patrimonio Cultural Inmaterial del municipio de San Pablo del Monte, con lo que se pretende salvaguardar la elaboraci\u00f3n de esas artesan\u00edas, as\u00ed como la sensibilizaci\u00f3n sobre su importancia y reconocimiento.<\/p>\n<p>El dictamen fue presentado por los integrantes de las Comisiones Unidas de Fomento Artesanal y MIPYMES y de Turismo, en el que explicaron que el municipio de San Pablo del Monte se encontraban establecidos 30 talleres que se dedican permanentemente a la elaboraci\u00f3n de la cer\u00e1mica tipo talavera, quienes en su momento obtuvieron \u00a0importantes premios, as\u00ed como menciones honor\u00edficas de Organismos Internacionales como es el caso de la UNESCO por la calidad de la piezas artesanales.<\/p>\n<p>Adem\u00e1s, mencionaron que la elaboraci\u00f3n de la cer\u00e1mica talavera, en ese lugar ha sido transmitida por generaciones conservando hasta nuestros d\u00edas la forma casi id\u00e9ntica de elaboraci\u00f3n, lo que sin duda lo convierte en una actividad estrictamente artesanal.<\/p>\n<p>Refirieron que en el a\u00f1o 2012 en un encuentro realizado por el Gobierno del Estado con artesanos, Maricarmen Serra Puche, investigadora de la Universidad Nacional Aut\u00f3noma de M\u00e9xico (UNAM), habl\u00f3 sobre la importancia del origen prehisp\u00e1nico de la cer\u00e1mica de Tlaxcala y destac\u00f3 que los artesanos de San Pablo del Monte son los herederos de esa tradici\u00f3n, igualmente detall\u00f3 que las primeras evidencias de la cer\u00e1mica que han sido encontradas datan de mil a\u00f1os Antes de Cristo en las aldeas ubicadas en el valle de Tlaxcala y Puebla que posteriormente se convirtieron en los centros ceremoniales de Cacaxtla-Xochit\u00e9catl.<\/p>\n","protected":false},"excerpt":{"rendered":"<p>El \u00a0dictamen fue presentado por las Comisiones Unidas de Fomento Artesanal y MIPYMES y de Turismo. Por mayor\u00eda de votos,\u00a0 los integrantes de la LXII Legislatura declararon a la elaboraci\u00f3n de art\u00edculos de talavera como Patrimonio Cultural Inmaterial del municipio de San Pablo del Monte, con lo que se pretende salvaguardar la elaboraci\u00f3n de esas [&hellip;]<\/p>\n","protected":false},"author":31,"featured_media":0,"comment_status":"open","ping_status":"open","sticky":false,"template":"","format":"standard","meta":{"om_disable_all_campaigns":false,"_monsterinsights_skip_tracking":false,"_monsterinsights_sitenote_active":false,"_monsterinsights_sitenote_note":"","_monsterinsights_sitenote_category":0,"jnews-multi-image_gallery":[],"jnews_single_post":[],"jnews_primary_category":[],"footnotes":""},"categories":[],"tags":[],"class_list":["post-21429","post","type-post","status-publish","format-standard","hentry"],"aioseo_notices":[],"_links":{"self":[{"href":"https:\/\/estado29.mx\/index.php?rest_route=\/wp\/v2\/posts\/21429","targetHints":{"allow":["GET"]}}],"collection":[{"href":"https:\/\/estado29.mx\/index.php?rest_route=\/wp\/v2\/posts"}],"about":[{"href":"https:\/\/estado29.mx\/index.php?rest_route=\/wp\/v2\/types\/post"}],"author":[{"embeddable":true,"href":"https:\/\/estado29.mx\/index.php?rest_route=\/wp\/v2\/users\/31"}],"replies":[{"embeddable":true,"href":"https:\/\/estado29.mx\/index.php?rest_route=%2Fwp%2Fv2%2Fcomments&post=21429"}],"version-history":[{"count":1,"href":"https:\/\/estado29.mx\/index.php?rest_route=\/wp\/v2\/posts\/21429\/revisions"}],"predecessor-version":[{"id":21431,"href":"https:\/\/estado29.mx\/index.php?rest_route=\/wp\/v2\/posts\/21429\/revisions\/21431"}],"wp:attachment":[{"href":"https:\/\/estado29.mx\/index.php?rest_route=%2Fwp%2Fv2%2Fmedia&parent=21429"}],"wp:term":[{"taxonomy":"category","embeddable":true,"href":"https:\/\/estado29.mx\/index.php?rest_route=%2Fwp%2Fv2%2Fcategories&post=21429"},{"taxonomy":"post_tag","embeddable":true,"href":"https:\/\/estado29.mx\/index.php?rest_route=%2Fwp%2Fv2%2Ftags&post=21429"}],"curies":[{"name":"wp","href":"https:\/\/api.w.org\/{rel}","templated":true}]}}