{"id":21451,"date":"2017-08-08T20:19:12","date_gmt":"2017-08-09T01:19:12","guid":{"rendered":"http:\/\/estado29.mx\/?p=21451"},"modified":"2017-08-08T20:19:12","modified_gmt":"2017-08-09T01:19:12","slug":"inauguran-base-delegacion-cruz-roja-cuapiaxtla","status":"publish","type":"post","link":"https:\/\/estado29.mx\/?p=21451","title":{"rendered":"Inauguran Base de Delegaci\u00f3n de Cruz Roja Cuapiaxtla."},"content":{"rendered":"<p>La tarde de este martes ocho de agosto del a\u00f1o en curso, la Presidenta Honor\u00edfica del Sistema Estatal para el Desarrollo Integral de la Familia (DIF), Sandra Ch\u00e1vez Ruelas, la Delegada Estatal de la Cruz Roja en Tlaxcala, Elena Rodr\u00edguez Guajardo, Jorge Luis V\u00e1zquez Rodr\u00edguez, Secretario de Desarrollo Econ\u00f3mico; Paula Sauko, representante de la Delegaci\u00f3n Puebla de la Cruz Roja Mexicana, y Arturo Hern\u00e1ndez Hern\u00e1ndez, Presidente Municipal de Cuapiaxtla, se llev\u00f3 a cabo la inauguraci\u00f3n de la Base de la Delegaci\u00f3n de Cruz Roja Cuapiaxtla.<\/p>\n<p><img loading=\"lazy\" decoding=\"async\" src=\"http:\/\/estado29.mx\/wp-content\/uploads\/2017\/08\/cruzroja-2-225x300.jpg\" alt=\"\" width=\"225\" height=\"300\" class=\"alignnone size-medium wp-image-21454\" \/><\/p>\n<p>En su mensaje Ch\u00e1vez Ruelas, resalt\u00f3 que con esta obra se beneficiar\u00e1 a m\u00e1s de 15 mil habitantes del municipio y a unas 50 mil personas de localidades de la regi\u00f3n.<\/p>\n<p>Asimismo, manifest\u00f3 que &#8220;uno de los principales objetivos del Gobernador Marco Mena es brindar servicios de salud adecuados, suficientes y oportunos, por eso resulta de vital importancia la apertura de una base de la Cruz Roja en esta zona&#8221;.<\/p>\n<p>Por otra parte, Ch\u00e1vez Ruelas enfatiz\u00f3 que esta obra es resultado del esfuerzo de muchas personas,unas de ellas, Daniel Espino Barba, que don\u00f3 los dos mil 500 metros cuadrados de terreno; el Ayuntamiento de Cuapiaxtla, que aport\u00f3 la ejecuci\u00f3n de la obra, y la Delegaci\u00f3n Puebla de la Cruz Roja, que hizo la donaci\u00f3n el mobiliario.<\/p>\n<p>Finalmente, Elena Rodr\u00edguez Guajardo, Delegada Estatal de la Cruz Roja, dijo que con la inauguraci\u00f3n de esta base, se podr\u00e1 extender la ayuda de la instituci\u00f3n a un mayor n\u00famero de personas.<\/p>\n","protected":false},"excerpt":{"rendered":"<p>La tarde de este martes ocho de agosto del a\u00f1o en curso, la Presidenta Honor\u00edfica del Sistema Estatal para el Desarrollo Integral de la Familia (DIF), Sandra Ch\u00e1vez Ruelas, la Delegada Estatal de la Cruz Roja en Tlaxcala, Elena Rodr\u00edguez Guajardo, Jorge Luis V\u00e1zquez Rodr\u00edguez, Secretario de Desarrollo Econ\u00f3mico; Paula Sauko, representante de la Delegaci\u00f3n [&hellip;]<\/p>\n","protected":false},"author":22,"featured_media":0,"comment_status":"open","ping_status":"open","sticky":false,"template":"","format":"standard","meta":{"om_disable_all_campaigns":false,"_monsterinsights_skip_tracking":false,"_monsterinsights_sitenote_active":false,"_monsterinsights_sitenote_note":"","_monsterinsights_sitenote_category":0,"jnews-multi-image_gallery":[],"jnews_single_post":[],"jnews_primary_category":[],"footnotes":""},"categories":[],"tags":[],"class_list":["post-21451","post","type-post","status-publish","format-standard","hentry"],"aioseo_notices":[],"_links":{"self":[{"href":"https:\/\/estado29.mx\/index.php?rest_route=\/wp\/v2\/posts\/21451","targetHints":{"allow":["GET"]}}],"collection":[{"href":"https:\/\/estado29.mx\/index.php?rest_route=\/wp\/v2\/posts"}],"about":[{"href":"https:\/\/estado29.mx\/index.php?rest_route=\/wp\/v2\/types\/post"}],"author":[{"embeddable":true,"href":"https:\/\/estado29.mx\/index.php?rest_route=\/wp\/v2\/users\/22"}],"replies":[{"embeddable":true,"href":"https:\/\/estado29.mx\/index.php?rest_route=%2Fwp%2Fv2%2Fcomments&post=21451"}],"version-history":[{"count":1,"href":"https:\/\/estado29.mx\/index.php?rest_route=\/wp\/v2\/posts\/21451\/revisions"}],"predecessor-version":[{"id":21455,"href":"https:\/\/estado29.mx\/index.php?rest_route=\/wp\/v2\/posts\/21451\/revisions\/21455"}],"wp:attachment":[{"href":"https:\/\/estado29.mx\/index.php?rest_route=%2Fwp%2Fv2%2Fmedia&parent=21451"}],"wp:term":[{"taxonomy":"category","embeddable":true,"href":"https:\/\/estado29.mx\/index.php?rest_route=%2Fwp%2Fv2%2Fcategories&post=21451"},{"taxonomy":"post_tag","embeddable":true,"href":"https:\/\/estado29.mx\/index.php?rest_route=%2Fwp%2Fv2%2Ftags&post=21451"}],"curies":[{"name":"wp","href":"https:\/\/api.w.org\/{rel}","templated":true}]}}