{"id":21458,"date":"2017-08-09T06:00:53","date_gmt":"2017-08-09T11:00:53","guid":{"rendered":"http:\/\/estado29.mx\/?p=21458"},"modified":"2017-08-08T22:10:12","modified_gmt":"2017-08-09T03:10:12","slug":"diputados-reeleccion-chapulines","status":"publish","type":"post","link":"https:\/\/estado29.mx\/?p=21458","title":{"rendered":"Diputados con sue\u00f1os de reelecci\u00f3n o con dotes de chapulines"},"content":{"rendered":"<p>Cuando menos unos 16 diputados locales sue\u00f1an con la posibilidad de participar como candidatos en los comicios del pr\u00f3ximo a\u00f1o. Algunos, en lo que hemos llamado el verano caliente electoral, han afinado detalles para aparecer en las boletas que deber\u00e1n marcarse el pr\u00f3ximo 1 de julio, ya sea como candidatos a senadores, otros a diputados federales y la mayor\u00eda, con la posibilidad de la reelecci\u00f3n.<\/p>\n<p>De casi pr\u00e1cticamente todos los colores, los diputados del PRI, PRD, PAN, PVEM, Panal y PS, sue\u00f1an con la posibilidad de mantenerse en el ejercicio de la funci\u00f3n p\u00fablica, ya sea en el mismo espacio o bien, en una nueva posici\u00f3n.<\/p>\n<p>Por bancada, quiz\u00e1 la del PRD es la m\u00e1s activa ante esa posibilidad. Los cinco integrantes quieren participar en los pr\u00f3ximos comicios. Su l\u00edder, Alberto Amaro Corona trabaja y hace todo lo posible para encabezar la f\u00f3rmula que el sol azteca registrar\u00eda en la competencia por el Senado de la Rep\u00fablica.<\/p>\n<p>En esa misma puja, pero solo que en otra trinchera, ya alz\u00f3 la mano la dos veces diputada plurinominal, Floria Mar\u00eda Hern\u00e1ndez Hern\u00e1ndez. Ella quiere participar, aunque con pocas posibilidades, en la elecci\u00f3n al Senado solo que cobijada por Movimiento de Regeneraci\u00f3n Nacional (Morena). Ese auto destape ya le cost\u00f3 a la todav\u00eda perredista su deposici\u00f3n como integrante de la mesa directiva del Congreso local.<\/p>\n<p>Los otros tres diputados, Fredy Cuatecontzi, Nah\u00fam Atonal y Adri\u00e1n Xochitemo, hacen su labor para participar en la contienda venidera con la posibilidad de ser reelectos en sus respectivos distritos.<\/p>\n<p>En el PAN las cosas no son distintas. Al menos tres de los cuatro integrantes de dicho grupo parlamentario han confiado, a propios, sobre su intenci\u00f3n de participar en la pr\u00f3xima contienda. el m\u00e1s activo, aunque de magros resultados legislativos e indecisiones pol\u00edticas en el albiazul, es el neopanista Juan Carlos S\u00e1nchez Garc\u00eda, quien se ve\u00eda ya como seguro candidato a diputado federal por el distrito 01, pero ante la redistritaci\u00f3n, ahora \u201cdeshoja la margarita\u201d para ver a d\u00f3nde se registra como abanderado.<\/p>\n<p>Tambi\u00e9n est\u00e1n las mujeres diputadas del PAN. Aunque sin arraigo en Acci\u00f3n Nacional, las soberbias Guadalupe S\u00e1nchez Santiago y Dulce Corona Mastranzo, se sienten con la calidad moral y partidista para hacerse de las candidaturas a diputadas federales, tanto en el distrito 01 como en el 02.<\/p>\n<p>En el PRI las condiciones son similares. Mariano Gonz\u00e1lez Aguirre se ve como seguro candidato. \u00c9l quiere ser senador y desde ah\u00ed buscar la candidatura al gobierno del estado \u00a0en la sucesi\u00f3n de Marco Antonio Mena Rodr\u00edguez. Sin embargo, sabe que esa posibilidad depende de muchas circunstancias.<\/p>\n<p>Por ello, tambi\u00e9n no le disgusta la posibilidad de competir por el distrito federal 01 y arribar con ello a la C\u00e1mara Baja del Congreso de la Uni\u00f3n y desde ah\u00ed, trabajar en su proyecto personal, emular los pasos de su padre, el ex mandatario Mariano Gonz\u00e1lez Zarur.<\/p>\n<p>Pero en el \u00e1nimo de participar tambi\u00e9n est\u00e1n Arnulfo Ar\u00e9valo Lara, Enrique Padilla S\u00e1nchez, Ignacio Ram\u00edrez, Er\u00e9ndira Cova Brindis y hasta el mismo Mart\u00edn Rivera, que no quieren perder la oportunidad de mantenerse en este cargo.<\/p>\n<p>En el PVEM tambi\u00e9n hacen lo propio el empresario y hoy diputado, Fidel \u00c1guila; en el PS tambi\u00e9n Delfino Su\u00e1rez, quien incluso, participar\u00eda seg\u00fan nos han afirmado, por las dos v\u00edas, nuevamente lo har\u00eda por la postulaci\u00f3n uninominal y tambi\u00e9n de representaci\u00f3n proporcional, en Nueva Alianza no dejar\u00edan que Sandra Corona quede sin esa posibilidad, pues es la primera ocasi\u00f3n que ganan un distrito como es el 14.<\/p>\n<p>Con esas intenciones, desde ahora, cualquier acci\u00f3n de los legisladores tendr\u00e1 una alta carga electoral, porque sus jugadas en este ajedrez pol\u00edtico ser\u00e1n para posicionarse y minar al oponente. Y el inter\u00e9s de la ciudadan\u00eda, muchos se preguntar\u00e1n, bueno, ese asunto, para nuestros diputados, puede y tiene que esperar.<\/p>\n","protected":false},"excerpt":{"rendered":"<p>Cuando menos unos 16 diputados locales sue\u00f1an con la posibilidad de participar como candidatos en los comicios del pr\u00f3ximo a\u00f1o. Algunos, en lo que hemos llamado el verano caliente electoral, han afinado detalles para aparecer en las boletas que deber\u00e1n marcarse el pr\u00f3ximo 1 de julio, ya sea como candidatos a senadores, otros a diputados [&hellip;]<\/p>\n","protected":false},"author":13,"featured_media":0,"comment_status":"open","ping_status":"open","sticky":false,"template":"","format":"standard","meta":{"om_disable_all_campaigns":false,"_monsterinsights_skip_tracking":false,"_monsterinsights_sitenote_active":false,"_monsterinsights_sitenote_note":"","_monsterinsights_sitenote_category":0,"jnews-multi-image_gallery":[],"jnews_single_post":[],"jnews_primary_category":[],"footnotes":""},"categories":[],"tags":[],"class_list":["post-21458","post","type-post","status-publish","format-standard","hentry"],"aioseo_notices":[],"_links":{"self":[{"href":"https:\/\/estado29.mx\/index.php?rest_route=\/wp\/v2\/posts\/21458","targetHints":{"allow":["GET"]}}],"collection":[{"href":"https:\/\/estado29.mx\/index.php?rest_route=\/wp\/v2\/posts"}],"about":[{"href":"https:\/\/estado29.mx\/index.php?rest_route=\/wp\/v2\/types\/post"}],"author":[{"embeddable":true,"href":"https:\/\/estado29.mx\/index.php?rest_route=\/wp\/v2\/users\/13"}],"replies":[{"embeddable":true,"href":"https:\/\/estado29.mx\/index.php?rest_route=%2Fwp%2Fv2%2Fcomments&post=21458"}],"version-history":[{"count":1,"href":"https:\/\/estado29.mx\/index.php?rest_route=\/wp\/v2\/posts\/21458\/revisions"}],"predecessor-version":[{"id":21459,"href":"https:\/\/estado29.mx\/index.php?rest_route=\/wp\/v2\/posts\/21458\/revisions\/21459"}],"wp:attachment":[{"href":"https:\/\/estado29.mx\/index.php?rest_route=%2Fwp%2Fv2%2Fmedia&parent=21458"}],"wp:term":[{"taxonomy":"category","embeddable":true,"href":"https:\/\/estado29.mx\/index.php?rest_route=%2Fwp%2Fv2%2Fcategories&post=21458"},{"taxonomy":"post_tag","embeddable":true,"href":"https:\/\/estado29.mx\/index.php?rest_route=%2Fwp%2Fv2%2Ftags&post=21458"}],"curies":[{"name":"wp","href":"https:\/\/api.w.org\/{rel}","templated":true}]}}