{"id":21469,"date":"2017-08-09T10:59:11","date_gmt":"2017-08-09T15:59:11","guid":{"rendered":"http:\/\/estado29.mx\/?p=21469"},"modified":"2017-08-09T10:24:53","modified_gmt":"2017-08-09T15:24:53","slug":"caos-vial-asesinato-ignacio-n-chofer-atah-en-la-ciudad-tlaxcala","status":"publish","type":"post","link":"https:\/\/estado29.mx\/?p=21469","title":{"rendered":"Caos vial por el asesinato de Ignacio N, chofer de Atah en la ciudad de Tlaxcala"},"content":{"rendered":"<p><em>Como se fue conociendo esta lamentable noticia fueron llegando m\u00e1s parientes, amigos y trabajadores del volante<\/em><\/p>\n<p>Al llegar al camino real y\u00a0 bulevar Revoluci\u00f3n, en la ciudad de Tlaxcala, el martes 8 de agosto, despu\u00e9s de las 18:00 horas, ah\u00ed todo era un caos, los automovilistas pasaban a 20 kil\u00f3metros por hora, unos molestos y otros pregunt\u00e1ndose qu\u00e9 pas\u00f3, ante esta incertidumbre flu\u00eda lento el tr\u00e1fico.<\/p>\n<p>Frente al estacionamiento de una conocida empresa de hamburguesas, ubicada a la altura del Jard\u00edn Bot\u00e1nico de Tizatl\u00e1n, estaban los choferes, hablando, pero \u00a0desconcertados y unos conmovidos por el asesinato de Ignacio N. conductor, de la empresa ATAH, quien alrededor de las 17:00 horas fue asesinado, por supuestos asaltantes.<\/p>\n<p>Al lugar llegaron familiares, entre ellos, la mam\u00e1 de Ignacio, estaba en un auto negro, llorando, con las manos en el rostro, la consolaban y la cuidaban, as\u00ed, en esta escena se ve\u00edan m\u00e1s personas, y tambi\u00e9n, quien parec\u00eda ser abuela, quien con dificultad lleg\u00f3, y con l\u00e1grimas, les dec\u00eda a los choferes, \u00a1cu\u00eddense!<\/p>\n<p>As\u00ed, como se fue conociendo esta lamentable noticia fueron llegando m\u00e1s parientes, amigos y trabajadores del volante, quienes no sab\u00edan que hacer, a qui\u00e9n reclamarle la muerte de su compa\u00f1ero y para algunos su amigo, ya que dijeron que de la justicia no esperaban nada.<\/p>\n<p>Y en el lugar, donde qued\u00f3 inerte el cuerpo de Ignacio, que ya la Procuradur\u00eda del estado se hab\u00eda llevado, colocaron una veladora, unos pasaban y no cre\u00edan que en plena ciudad, cerca de la Casa de Gobierno, donde miles de personas pasan, ocurriera esto.<\/p>\n<p><img loading=\"lazy\" decoding=\"async\" class=\"alignnone size-medium wp-image-21472\" src=\"http:\/\/estado29.mx\/wp-content\/uploads\/2017\/08\/20170808_1905561-300x169.jpg\" alt=\"\" width=\"300\" height=\"169\" \/><\/p>\n<p>Tras unos minutos de respiro, los choferes decidieron que las vialidades del bulevar Revoluci\u00f3n en sus ambos sentidos de Santa Ana-Tlaxcala y Tlaxcala-Santa Ana, as\u00ed como el Camino Real fuera cerrado, porque quer\u00edan los videos de las c\u00e1maras de seguridad, que justo estaban frente al lugar de los hechos.<\/p>\n<p>Fue as\u00ed que atravesaron las unidades del transporte p\u00fablico y se interrumpi\u00f3 el tr\u00e1fico, justo ah\u00ed comenz\u00f3 un insistente ruido de los claxon de los autos, los conductores enloquecieron, se aferraron a pasar y comenz\u00f3 la huida por los camellones; bajaron de sus autos consiguieron piedras, madera, todo lo que les permitiera que sus coches alcanzaran la altura.<\/p>\n<p>Este caos\u00a0 vial se extendi\u00f3 de los arcos de Tlaxcala, a Santa Ana, a la Garita, al centro, Tizatl\u00e1n y \u00a0Atempan, todos en menos de una hora, buscaron correr del lugar, porque el calor era intenso a pesar de la hora, y porque no quer\u00edan esperar.<\/p>\n<p>Tras este bloqueo, dijeron los manifestantes, que no se mover\u00edan, de pronto volaba un dron, lo que gener\u00f3 m\u00e1s enojo, y alguien dijo, \u201cpor qu\u00e9 nos vigilan, por qu\u00e9 esa m\u00e1quina en lugar de estar ac\u00e1 busca a los asesinos, nosotros no vamos hacer nada\u201d.<\/p>\n<p>Y todo comenz\u00f3 a ser m\u00e1s tenso, familiares de Ignacio que se quedaron ah\u00ed, sollozaban, y de pronto corrieron y salieron a toda velocidad en un auto compacto, esto porque supuestamente hab\u00edan atrapado a los supuestos asaltantes en Amaxac, pero tras unas llamadas, se supo que no, y siguieron en el bloqueo, porque ya hab\u00edan dicho que si era cierto, se ir\u00edan para all\u00e1 y los linchar\u00edan.<\/p>\n<p>A las 19:30 horas lleg\u00f3 personal de Gobernaci\u00f3n a solicitar que se dejara pasar a los automovilistas, que comprend\u00edan que estaban pasando por un mal momento, pero que estaban da\u00f1ando a terceros, lo que los exalt\u00f3 m\u00e1s, cuestionaron que qui\u00e9n iba a dar garant\u00edas de que esto no volver\u00eda a pasar, que alguien tuvo que pagar con su vida, que ya no estaban para escuchar, sino para exigir.<\/p>\n<p>M\u00e1s de 20 personas, comenzaron a decir que esto era frecuente, que estaban hartos de las declaraciones del gobierno que en Tlaxcala no pasa nada, que es de los estados de los m\u00e1s seguros del pa\u00eds, qu\u00e9 ellos confiaron en el Gobernador Marco Antonio Mena Rodr\u00edguez, a quien le dieron su voto, que \u00e9l dijo en campa\u00f1a que pondr\u00eda al frente de Tlaxcala a las personas m\u00e1s capacitadas.<\/p>\n<p>Incluso reclamaron que se perdi\u00f3 el ex gobernador Tulio Hern\u00e1ndez, y a \u00e9l si lo buscaron de inmediato, por qu\u00e9 no hac\u00edan lo mismo en este hecho; por ello, pidieron que se destituya al Comisionado de Seguridad, Herv\u00e9 Hurtado Ruiz.<\/p>\n<p><img loading=\"lazy\" decoding=\"async\" class=\"alignnone size-medium wp-image-21471\" src=\"http:\/\/estado29.mx\/wp-content\/uploads\/2017\/08\/20170808_2138531-300x169.jpg\" alt=\"\" width=\"300\" height=\"169\" \/><\/p>\n<p>Con palabras altisonantes, dijeron que no iban a ceder, que si la Secretaria de Gobierno, Anabel Alvarado quer\u00eda dialogar, que fuera una comisi\u00f3n donde estaban ellos; y \u00a0los representantes de gobernaci\u00f3n se concentraron a observa e informar esta determinaci\u00f3n.<\/p>\n<p>As\u00ed pasaron m\u00e1s de dos horas, y ya todo era pr\u00e1cticamente silencio, no hab\u00eda autos, pocas luces, pero hab\u00eda gente que ten\u00eda que caminar y tambi\u00e9n lleg\u00f3 una persona que se identific\u00f3 como parte de la Secretar\u00eda de Comunicaciones y Transportes (SCT), porque el bulevar Revoluci\u00f3n es tramo federal, quien tom\u00f3 fotos y anot\u00f3 las placas de las unidades involucradas, de inmediato, lo abordaron, rodearon y lo obligaron a borrar las fotos, adem\u00e1s quemaron las hojas donde estaban las series de sus l\u00e1minas.<\/p>\n<p>Y a pesar de que un familiar de Ignacio pidi\u00f3 que abrieran el paso, no fue as\u00ed, tuvieron que pasar otros minutos para que acordaran retirarse, se sumaron a una caravana, que supuestamente terminar\u00eda en la Y, en el municipio de Yauhquemehcan, pero en el pante\u00f3n de Santa Ana, bloquearon de nuevo, esto por unos minutos.<\/p>\n<p>Despu\u00e9s de las 10:00 horas en el bulevar Revoluci\u00f3n los autos comenzaron a circular, los polic\u00edas tomaron el control del tr\u00e1fico y as\u00ed fue como esta ocasi\u00f3n, no dejaron que este hecho pasara desapercibido, porque para los transportistas y la sociedad fue como externar su rechazo a la inseguridad y que Tlaxcala ya no es tranquilo y la entidad m\u00e1s segura del pa\u00eds.<\/p>\n<p>&nbsp;<\/p>\n","protected":false},"excerpt":{"rendered":"<p>Como se fue conociendo esta lamentable noticia fueron llegando m\u00e1s parientes, amigos y trabajadores del volante Al llegar al camino real y\u00a0 bulevar Revoluci\u00f3n, en la ciudad de Tlaxcala, el martes 8 de agosto, despu\u00e9s de las 18:00 horas, ah\u00ed todo era un caos, los automovilistas pasaban a 20 kil\u00f3metros por hora, unos molestos y [&hellip;]<\/p>\n","protected":false},"author":28,"featured_media":0,"comment_status":"open","ping_status":"open","sticky":false,"template":"","format":"standard","meta":{"om_disable_all_campaigns":false,"_monsterinsights_skip_tracking":false,"_monsterinsights_sitenote_active":false,"_monsterinsights_sitenote_note":"","_monsterinsights_sitenote_category":0,"jnews-multi-image_gallery":[],"jnews_single_post":[],"jnews_primary_category":[],"footnotes":""},"categories":[],"tags":[],"class_list":["post-21469","post","type-post","status-publish","format-standard","hentry"],"aioseo_notices":[],"_links":{"self":[{"href":"https:\/\/estado29.mx\/index.php?rest_route=\/wp\/v2\/posts\/21469","targetHints":{"allow":["GET"]}}],"collection":[{"href":"https:\/\/estado29.mx\/index.php?rest_route=\/wp\/v2\/posts"}],"about":[{"href":"https:\/\/estado29.mx\/index.php?rest_route=\/wp\/v2\/types\/post"}],"author":[{"embeddable":true,"href":"https:\/\/estado29.mx\/index.php?rest_route=\/wp\/v2\/users\/28"}],"replies":[{"embeddable":true,"href":"https:\/\/estado29.mx\/index.php?rest_route=%2Fwp%2Fv2%2Fcomments&post=21469"}],"version-history":[{"count":1,"href":"https:\/\/estado29.mx\/index.php?rest_route=\/wp\/v2\/posts\/21469\/revisions"}],"predecessor-version":[{"id":21473,"href":"https:\/\/estado29.mx\/index.php?rest_route=\/wp\/v2\/posts\/21469\/revisions\/21473"}],"wp:attachment":[{"href":"https:\/\/estado29.mx\/index.php?rest_route=%2Fwp%2Fv2%2Fmedia&parent=21469"}],"wp:term":[{"taxonomy":"category","embeddable":true,"href":"https:\/\/estado29.mx\/index.php?rest_route=%2Fwp%2Fv2%2Fcategories&post=21469"},{"taxonomy":"post_tag","embeddable":true,"href":"https:\/\/estado29.mx\/index.php?rest_route=%2Fwp%2Fv2%2Ftags&post=21469"}],"curies":[{"name":"wp","href":"https:\/\/api.w.org\/{rel}","templated":true}]}}