{"id":21491,"date":"2017-08-09T14:10:59","date_gmt":"2017-08-09T19:10:59","guid":{"rendered":"http:\/\/estado29.mx\/?p=21491"},"modified":"2017-08-09T18:56:01","modified_gmt":"2017-08-09T23:56:01","slug":"este-miercoles-transportistas-bloquearon-diversos-lugares-acceso-a-tlaxcala-en-protesta-del-asesinato-del-chofer-atah","status":"publish","type":"post","link":"https:\/\/estado29.mx\/?p=21491","title":{"rendered":"Este mi\u00e9rcoles, transportistas bloquearon diversos lugares de acceso a Tlaxcala, en protesta del asesinato del chofer de Atah"},"content":{"rendered":"<p><em>Se cerr\u00f3 el bulevar Revoluci\u00f3n, la parada de la Virgen, as\u00ed como el Tr\u00e9bol, el entronque a Ocotl\u00e1n a los arcos, as\u00ed como en la calle que conduce la Secte, en Apetatitl\u00e1n<\/em><\/p>\n<p>Conductores de diversas rutas de Atah, as\u00ed como otras unidades colectivas, \u00a0cerraron despu\u00e9s de las 10 de la ma\u00f1ana diversas calles y accesos a la ciudad de Tlaxcala, como una medida de protesta por la muerte de su compa\u00f1ero de la ruta Apizaco-Santa Ana \u2013Tlaxcala, lo que gener\u00f3 serios problemas de tr\u00e1nsito.<\/p>\n<p>Los trabajadores del volante, denunciaron que este tipo de acciones se han vuelto m\u00e1s frecuentes, por lo que reclaman justicia, adem\u00e1s de que requieren el apoyo de las autoridades, ya que no es la primera vez que les roban las unidades.<\/p>\n<p><img loading=\"lazy\" decoding=\"async\" class=\"alignnone size-medium wp-image-21493\" src=\"http:\/\/estado29.mx\/wp-content\/uploads\/2017\/08\/IMG-20170809-WA00521-300x169.jpg\" alt=\"\" width=\"300\" height=\"169\" \/><\/p>\n<p>\u201cLos oficiales nos paran porque nos volamos un alto y cuando se necesita una ayuda de verdad, no lo hacen los oficiales\u201d.<\/p>\n<p>Sin dar a conocer el n\u00famero exacto de choferes que participaron en estos bloqueos, destacaron que se cerr\u00f3 el bulevar Revoluci\u00f3n, la parada de la Virgen, as\u00ed como el Tr\u00e9bol, lo que provoc\u00f3 que no hubiera transporte en tramos, como del entronque a Ocotl\u00e1n a los arcos, as\u00ed como la calle que conduce a la Secretar\u00eda de Comunicaciones y Transportes del Estado (Secte), en Apetatitl\u00e1n.<\/p>\n<p>Aseguraron que todos tienen familia, y que desafortunadamente Ignacio N. no cont\u00f3 con la suerte de regresar a su casa.<\/p>\n<p><img loading=\"lazy\" decoding=\"async\" class=\"alignnone size-medium wp-image-21499\" src=\"http:\/\/estado29.mx\/wp-content\/uploads\/2017\/08\/20170809_1254151-300x169.jpg\" alt=\"\" width=\"300\" height=\"169\" \/><\/p>\n<p>\u201cCasi los robos son de la unidad Sana Cruz al Tr\u00e9bol, al menos se est\u00e1n dando de uno a cuatro asaltos diarios, se suben como pasaje, as\u00ed aprovechan para asaltarnos\u201d, indicaron.<\/p>\n<p>Denunciaron que hace un mes hubo una detenci\u00f3n de unos delincuentes, que estaban a bordo de la unidad, pero lamentablemente estas personas salieron libres, por eso, solicitan que haya justicia.<\/p>\n<p>&nbsp;<\/p>\n<p>&nbsp;<\/p>\n","protected":false},"excerpt":{"rendered":"<p>Se cerr\u00f3 el bulevar Revoluci\u00f3n, la parada de la Virgen, as\u00ed como el Tr\u00e9bol, el entronque a Ocotl\u00e1n a los arcos, as\u00ed como en la calle que conduce la Secte, en Apetatitl\u00e1n Conductores de diversas rutas de Atah, as\u00ed como otras unidades colectivas, \u00a0cerraron despu\u00e9s de las 10 de la ma\u00f1ana diversas calles y accesos [&hellip;]<\/p>\n","protected":false},"author":28,"featured_media":0,"comment_status":"open","ping_status":"open","sticky":false,"template":"","format":"standard","meta":{"om_disable_all_campaigns":false,"_monsterinsights_skip_tracking":false,"_monsterinsights_sitenote_active":false,"_monsterinsights_sitenote_note":"","_monsterinsights_sitenote_category":0,"jnews-multi-image_gallery":[],"jnews_single_post":[],"jnews_primary_category":[],"footnotes":""},"categories":[],"tags":[],"class_list":["post-21491","post","type-post","status-publish","format-standard","hentry"],"aioseo_notices":[],"_links":{"self":[{"href":"https:\/\/estado29.mx\/index.php?rest_route=\/wp\/v2\/posts\/21491","targetHints":{"allow":["GET"]}}],"collection":[{"href":"https:\/\/estado29.mx\/index.php?rest_route=\/wp\/v2\/posts"}],"about":[{"href":"https:\/\/estado29.mx\/index.php?rest_route=\/wp\/v2\/types\/post"}],"author":[{"embeddable":true,"href":"https:\/\/estado29.mx\/index.php?rest_route=\/wp\/v2\/users\/28"}],"replies":[{"embeddable":true,"href":"https:\/\/estado29.mx\/index.php?rest_route=%2Fwp%2Fv2%2Fcomments&post=21491"}],"version-history":[{"count":3,"href":"https:\/\/estado29.mx\/index.php?rest_route=\/wp\/v2\/posts\/21491\/revisions"}],"predecessor-version":[{"id":21510,"href":"https:\/\/estado29.mx\/index.php?rest_route=\/wp\/v2\/posts\/21491\/revisions\/21510"}],"wp:attachment":[{"href":"https:\/\/estado29.mx\/index.php?rest_route=%2Fwp%2Fv2%2Fmedia&parent=21491"}],"wp:term":[{"taxonomy":"category","embeddable":true,"href":"https:\/\/estado29.mx\/index.php?rest_route=%2Fwp%2Fv2%2Fcategories&post=21491"},{"taxonomy":"post_tag","embeddable":true,"href":"https:\/\/estado29.mx\/index.php?rest_route=%2Fwp%2Fv2%2Ftags&post=21491"}],"curies":[{"name":"wp","href":"https:\/\/api.w.org\/{rel}","templated":true}]}}