{"id":21496,"date":"2017-08-09T15:36:14","date_gmt":"2017-08-09T20:36:14","guid":{"rendered":"http:\/\/estado29.mx\/?p=21496"},"modified":"2017-08-09T15:35:46","modified_gmt":"2017-08-09T20:35:46","slug":"necesaria-comparecencia-los-titulares-la-ces-pgje-portillo","status":"publish","type":"post","link":"https:\/\/estado29.mx\/?p=21496","title":{"rendered":"Necesaria comparecencia de los titulares de la CES y PGJE: Portillo"},"content":{"rendered":"<p><strong><em>El dictamen est\u00e1 preparado, faltan las firmas de los diputados, para ser atendido por la Junta de Coordinaci\u00f3n y Concertaci\u00f3n Pol\u00edtica. <\/em><\/strong><\/p>\n<p>El presidente de la Comisi\u00f3n de Protecci\u00f3n Civil, Seguridad P\u00fablica, Prevenci\u00f3n y Reinserci\u00f3n Social del Congreso local, Jes\u00fas Portillo Herrera, insistir\u00e1 en la solicitud de comparecencia de los titulares de la Procuradur\u00eda General de Justicia del Estado (PGJE) y de la Comisi\u00f3n Estatal de Seguridad (CES), Tito Cervantes Zepeda, y Herv\u00e9 Hurtado Ruiz, respectivamente, ante el incremento del \u00edndice delictivo en la entidad.<\/p>\n<p>Lo anterior, luego de que el d\u00eda de ayer se registraron diversos hechos delictivos, uno de ellos el asalto con violencia y homicidio\u00a0 de un chofer de la empresa de autotransportes ATAH, adem\u00e1s de la balacera tras un intento de robo de una pipa de gas en el municipio de Ixtacuixtla y en ese mismo lugar el asalto frustrado a una cl\u00ednica m\u00e9dica particular.<\/p>\n<p>En ese sentido, el diputado local del Partido del Trabajo (PT) dijo que es necesario que el procurador y el comisionado de seguridad, informen y expliquen la situaci\u00f3n que guarda el Estado de Tlaxcala en materia de seguridad y procuraci\u00f3n de justicia, as\u00ed como las estrategias que han tomado sobre algunas actividades delictivas que han ido a la alza como homicidios, asaltos a mano armada, robos a casa-habitaci\u00f3n, asaltos a transe\u00fantes, y al transporte p\u00fablico y de carga.<\/p>\n<p>\u201cEs necesario saber las acciones que el Gobernador est\u00e9 presentado, que sus funcionarios y hasta \u00e9l deber\u00eda solicitar que comparezcan para saber qu\u00e9 acciones y estrategias est\u00e1n utilizando porque la Secretar\u00eda de Gobernaci\u00f3n, Anabel Alvarado, dice que son hechos aislados entonces no sabemos si quiere que haya una masacre en el estado o haya fosas clandestinas, o no s\u00e9 para ella qu\u00e9 ser\u00eda grave si para la ciudadan\u00eda primero es la seguridad para poder andar tranquilo por las calles, porque si no se hace ya la gente tiene miedo de salir de su casas\u201d,\u00a0 expuso.<\/p>\n<p>Para\u00a0 conseguir la comparecencia de los\u00a0 funcionarios estatales, el diputado local, mencion\u00f3 que ha solicitado a los integrantes de la Comisi\u00f3n de Protecci\u00f3n Civil, Seguridad P\u00fablica, Prevenci\u00f3n y Reinserci\u00f3n Social del Congreso para que firmen el dictamen y poderlo presentar a la Junta de Coordinaci\u00f3n y Concertaci\u00f3n Pol\u00edtica (JCCP) para que sea turnado al Pleno para su discusi\u00f3n \u00a0y aprobaci\u00f3n, por lo confi\u00f3 en que sea avalada por la mayor\u00eda de los diputados pues consider\u00f3 que los legisladores \u201cson funcionarios del pueblo no funcionarios del gobierno\u201d.<\/p>\n<p>\u201cEstamos en espera, lo est\u00e1n analizando los dem\u00e1s diputados esperamos que contemos por el apoyo de su firma sino pues ya lo haremos saber a los medios de comunicaci\u00f3n y en tribuna para explicar cu\u00e1l ha sido el motivo por el cual no ha pasado a la Junta de Coordinaci\u00f3n\u201d, \u00a0agreg\u00f3.<\/p>\n","protected":false},"excerpt":{"rendered":"<p>El dictamen est\u00e1 preparado, faltan las firmas de los diputados, para ser atendido por la Junta de Coordinaci\u00f3n y Concertaci\u00f3n Pol\u00edtica. El presidente de la Comisi\u00f3n de Protecci\u00f3n Civil, Seguridad P\u00fablica, Prevenci\u00f3n y Reinserci\u00f3n Social del Congreso local, Jes\u00fas Portillo Herrera, insistir\u00e1 en la solicitud de comparecencia de los titulares de la Procuradur\u00eda General de [&hellip;]<\/p>\n","protected":false},"author":31,"featured_media":0,"comment_status":"open","ping_status":"open","sticky":false,"template":"","format":"standard","meta":{"om_disable_all_campaigns":false,"_monsterinsights_skip_tracking":false,"_monsterinsights_sitenote_active":false,"_monsterinsights_sitenote_note":"","_monsterinsights_sitenote_category":0,"jnews-multi-image_gallery":[],"jnews_single_post":[],"jnews_primary_category":[],"footnotes":""},"categories":[],"tags":[],"class_list":["post-21496","post","type-post","status-publish","format-standard","hentry"],"aioseo_notices":[],"_links":{"self":[{"href":"https:\/\/estado29.mx\/index.php?rest_route=\/wp\/v2\/posts\/21496","targetHints":{"allow":["GET"]}}],"collection":[{"href":"https:\/\/estado29.mx\/index.php?rest_route=\/wp\/v2\/posts"}],"about":[{"href":"https:\/\/estado29.mx\/index.php?rest_route=\/wp\/v2\/types\/post"}],"author":[{"embeddable":true,"href":"https:\/\/estado29.mx\/index.php?rest_route=\/wp\/v2\/users\/31"}],"replies":[{"embeddable":true,"href":"https:\/\/estado29.mx\/index.php?rest_route=%2Fwp%2Fv2%2Fcomments&post=21496"}],"version-history":[{"count":1,"href":"https:\/\/estado29.mx\/index.php?rest_route=\/wp\/v2\/posts\/21496\/revisions"}],"predecessor-version":[{"id":21497,"href":"https:\/\/estado29.mx\/index.php?rest_route=\/wp\/v2\/posts\/21496\/revisions\/21497"}],"wp:attachment":[{"href":"https:\/\/estado29.mx\/index.php?rest_route=%2Fwp%2Fv2%2Fmedia&parent=21496"}],"wp:term":[{"taxonomy":"category","embeddable":true,"href":"https:\/\/estado29.mx\/index.php?rest_route=%2Fwp%2Fv2%2Fcategories&post=21496"},{"taxonomy":"post_tag","embeddable":true,"href":"https:\/\/estado29.mx\/index.php?rest_route=%2Fwp%2Fv2%2Ftags&post=21496"}],"curies":[{"name":"wp","href":"https:\/\/api.w.org\/{rel}","templated":true}]}}