{"id":21504,"date":"2017-08-09T17:30:04","date_gmt":"2017-08-09T22:30:04","guid":{"rendered":"http:\/\/estado29.mx\/?p=21504"},"modified":"2017-08-09T17:18:58","modified_gmt":"2017-08-09T22:18:58","slug":"advierte-floria-maria-hernandez-iniciara-juicio-contra-remocion-la-mesa-directiva","status":"publish","type":"post","link":"https:\/\/estado29.mx\/?p=21504","title":{"rendered":"Advierte Floria Mar\u00eda Hern\u00e1ndez que iniciar\u00e1 juicio contra su remoci\u00f3n de la Mesa Directiva"},"content":{"rendered":"<p><strong><em>No fue legal su destituci\u00f3n, asegura que violent\u00f3 el Reglamento Interior del Congreso local. <\/em><\/strong><\/p>\n<p>La diputada local, Floria Mar\u00eda Hern\u00e1ndez Hern\u00e1ndez, anunci\u00f3 que iniciar\u00e1 un procedimiento jur\u00eddico ante el Tribunal Electoral de Tlaxcala (TET) ante su remoci\u00f3n como Primera Secretaria de la Mesa Directiva del Congreso del Estado, argument\u00f3 que ese tipo de destituciones no est\u00e1n reglamentadas por lo que su cambio fue arbitrario e ilegal.<\/p>\n<p>Dijo que ese procedimiento ser\u00e1 contra el Congreso del Estado y contra el grupo parlamentario del Partido de la Revoluci\u00f3n Democr\u00e1tica\u00a0 (PRD, por aprobar y solicitar, respectivamente, su salida de ese \u00f3rgano del Poder Legislativo, aun sabiendo que el Reglamento Interior no contempla ese tipo de movimientos.<\/p>\n<p>En ese sentido, en conferencia de prensa advirti\u00f3 que \u201cesta ha sido una violaci\u00f3n flagrante en contra de mis derechos como ciudadana, a mis derechos pol\u00edticos y humanos, han sido violentados y desde luego que vamos a proceder jur\u00eddicamente, ante las instancias correspondientes vamos a iniciar el procedimiento\u201d.<\/p>\n<p>Adem\u00e1s, lament\u00f3 que por las declaraciones que emiti\u00f3 el fin de semana pasado se haya\u00a0 generado todo esa situaci\u00f3n, a pesar de ello reafirm\u00f3 que apoyar\u00e1 a Andr\u00e9s Manuel L\u00f3pez Obrador en su b\u00fasqueda por la presidencia de la Rep\u00fablica, y que contin\u00faa en su plan de ser candidata del Partido Movimiento de Regeneraci\u00f3n Nacional (Morena) a la senadur\u00eda.<\/p>\n<p>\u201cLamento que el PRD a trav\u00e9s de sus emisarios hayan socavado el marco jur\u00eddico del Poder Legislativo al retirarme de la secretaria de la Mesa Directiva de la C\u00e1mara de Diputados, ya que mi designaci\u00f3n fue avalada y votada en el pleno como lo establece el art\u00edculo 42 de la Ley Org\u00e1nica del Poder Legislativo, por lo que solo podr\u00e1 ser removido alguno de los integrantes como lo establece el art\u00edculo 27 del Reglamento Interior del Congreso del Estado, situaci\u00f3n\u00a0 que no fue acreditada\u201d, sentenci\u00f3.<\/p>\n","protected":false},"excerpt":{"rendered":"<p>No fue legal su destituci\u00f3n, asegura que violent\u00f3 el Reglamento Interior del Congreso local. La diputada local, Floria Mar\u00eda Hern\u00e1ndez Hern\u00e1ndez, anunci\u00f3 que iniciar\u00e1 un procedimiento jur\u00eddico ante el Tribunal Electoral de Tlaxcala (TET) ante su remoci\u00f3n como Primera Secretaria de la Mesa Directiva del Congreso del Estado, argument\u00f3 que ese tipo de destituciones no [&hellip;]<\/p>\n","protected":false},"author":31,"featured_media":0,"comment_status":"open","ping_status":"open","sticky":false,"template":"","format":"standard","meta":{"om_disable_all_campaigns":false,"_monsterinsights_skip_tracking":false,"_monsterinsights_sitenote_active":false,"_monsterinsights_sitenote_note":"","_monsterinsights_sitenote_category":0,"jnews-multi-image_gallery":[],"jnews_single_post":[],"jnews_primary_category":[],"footnotes":""},"categories":[],"tags":[],"class_list":["post-21504","post","type-post","status-publish","format-standard","hentry"],"aioseo_notices":[],"_links":{"self":[{"href":"https:\/\/estado29.mx\/index.php?rest_route=\/wp\/v2\/posts\/21504","targetHints":{"allow":["GET"]}}],"collection":[{"href":"https:\/\/estado29.mx\/index.php?rest_route=\/wp\/v2\/posts"}],"about":[{"href":"https:\/\/estado29.mx\/index.php?rest_route=\/wp\/v2\/types\/post"}],"author":[{"embeddable":true,"href":"https:\/\/estado29.mx\/index.php?rest_route=\/wp\/v2\/users\/31"}],"replies":[{"embeddable":true,"href":"https:\/\/estado29.mx\/index.php?rest_route=%2Fwp%2Fv2%2Fcomments&post=21504"}],"version-history":[{"count":1,"href":"https:\/\/estado29.mx\/index.php?rest_route=\/wp\/v2\/posts\/21504\/revisions"}],"predecessor-version":[{"id":21505,"href":"https:\/\/estado29.mx\/index.php?rest_route=\/wp\/v2\/posts\/21504\/revisions\/21505"}],"wp:attachment":[{"href":"https:\/\/estado29.mx\/index.php?rest_route=%2Fwp%2Fv2%2Fmedia&parent=21504"}],"wp:term":[{"taxonomy":"category","embeddable":true,"href":"https:\/\/estado29.mx\/index.php?rest_route=%2Fwp%2Fv2%2Fcategories&post=21504"},{"taxonomy":"post_tag","embeddable":true,"href":"https:\/\/estado29.mx\/index.php?rest_route=%2Fwp%2Fv2%2Ftags&post=21504"}],"curies":[{"name":"wp","href":"https:\/\/api.w.org\/{rel}","templated":true}]}}