{"id":21516,"date":"2017-08-10T07:27:35","date_gmt":"2017-08-10T12:27:35","guid":{"rendered":"http:\/\/estado29.mx\/?p=21516"},"modified":"2017-08-10T07:27:35","modified_gmt":"2017-08-10T12:27:35","slug":"coordina-proteccion-civil-acciones-preventivas-huracan-franklin","status":"publish","type":"post","link":"https:\/\/estado29.mx\/?p=21516","title":{"rendered":"Coordina protecci\u00f3n civil acciones preventivas por huracan Franklin"},"content":{"rendered":"<p>El Gobierno del Estado implementa acciones preventivas, a trav\u00e9s de la coordinaci\u00f3n con dependencias federales, estatales y municipales, para salvaguardar la integridad f\u00edsica y patrimonial de las familias tlaxcaltecas ante la entrada del hurac\u00e1n \u201cFranklin\u201d, categor\u00eda 1, a territorio nacional.<\/p>\n<p>Joaqu\u00edn Pluma Morales, Coordinador Estatal de Protecci\u00f3n Civil, inform\u00f3 que se estableci\u00f3 contacto con personal de la Comisi\u00f3n Federal de Electricidad (CFE) para definir acciones que fortalezcan la capacidad de respuesta ante posibles contingencias que provoque el fen\u00f3meno meteorol\u00f3gico y que pudieran afectar la infraestructura el\u00e9ctrica de la entidad.<\/p>\n<p>A estos trabajos preventivos se suman la 23 Zona Militar, la Polic\u00eda Federal, la Gendarmer\u00eda, la Secretar\u00eda de Salud, as\u00ed como las direcciones de Protecci\u00f3n Civil de los municipios, con la finalidad de reforzar las medidas preventivas que permitan reducir los riesgos a la poblaci\u00f3n durante el paso del hurac\u00e1n por la zona centro del pa\u00eds.<\/p>\n<p>\u201cLa ciudadan\u00eda debe de estar tranquila y tener la seguridad de que existe plena coordinaci\u00f3n entre las autoridades de los tres niveles de gobierno, para brindar apoyo a la poblaci\u00f3n que lo requiera\u201d, asegur\u00f3 el funcionario.<\/p>\n<p>Pluma Morales explic\u00f3 que se recomend\u00f3 a los directores municipales de Protecci\u00f3n Civil que se mantengan alerta y notifiquen con oportunidad las contingencias que se presenten en sus demarcaciones.<\/p>\n<p>De acuerdo con informaci\u00f3n oficial, los efectos de \u201cFranklin\u201d podr\u00edan provocar lluvias en los municipios de Emiliano Zapata, Tlaxco, Huamantla, Terrenate, Cuapiaxtla Atltzayanca y El Carmen Tequexquitla.<\/p>\n<p>Cabe se\u00f1alar que la dependencia cuenta con refugios temporales en esta zona para que, de ser necesario, las familias puedan utilizarlos.<\/p>\n<p>Finalmente, la Coordinaci\u00f3n Estatal de Protecci\u00f3n Civil pidi\u00f3 a la poblaci\u00f3n estar al pendiente de los reportes que emita la Comisi\u00f3n Nacional del Agua (Conagua) y el Servicio Meteorol\u00f3gico Nacional (SMN), para reaccionar de manera oportuna ante las lluvias que acompa\u00f1ar\u00e1n el fen\u00f3meno natural.<\/p>\n","protected":false},"excerpt":{"rendered":"<p>El Gobierno del Estado implementa acciones preventivas, a trav\u00e9s de la coordinaci\u00f3n con dependencias federales, estatales y municipales, para salvaguardar la integridad f\u00edsica y patrimonial de las familias tlaxcaltecas ante la entrada del hurac\u00e1n \u201cFranklin\u201d, categor\u00eda 1, a territorio nacional. Joaqu\u00edn Pluma Morales, Coordinador Estatal de Protecci\u00f3n Civil, inform\u00f3 que se estableci\u00f3 contacto con personal [&hellip;]<\/p>\n","protected":false},"author":12,"featured_media":0,"comment_status":"open","ping_status":"open","sticky":false,"template":"","format":"standard","meta":{"om_disable_all_campaigns":false,"_monsterinsights_skip_tracking":false,"_monsterinsights_sitenote_active":false,"_monsterinsights_sitenote_note":"","_monsterinsights_sitenote_category":0,"jnews-multi-image_gallery":[],"jnews_single_post":[],"jnews_primary_category":[],"footnotes":""},"categories":[],"tags":[],"class_list":["post-21516","post","type-post","status-publish","format-standard","hentry"],"aioseo_notices":[],"_links":{"self":[{"href":"https:\/\/estado29.mx\/index.php?rest_route=\/wp\/v2\/posts\/21516","targetHints":{"allow":["GET"]}}],"collection":[{"href":"https:\/\/estado29.mx\/index.php?rest_route=\/wp\/v2\/posts"}],"about":[{"href":"https:\/\/estado29.mx\/index.php?rest_route=\/wp\/v2\/types\/post"}],"author":[{"embeddable":true,"href":"https:\/\/estado29.mx\/index.php?rest_route=\/wp\/v2\/users\/12"}],"replies":[{"embeddable":true,"href":"https:\/\/estado29.mx\/index.php?rest_route=%2Fwp%2Fv2%2Fcomments&post=21516"}],"version-history":[{"count":1,"href":"https:\/\/estado29.mx\/index.php?rest_route=\/wp\/v2\/posts\/21516\/revisions"}],"predecessor-version":[{"id":21517,"href":"https:\/\/estado29.mx\/index.php?rest_route=\/wp\/v2\/posts\/21516\/revisions\/21517"}],"wp:attachment":[{"href":"https:\/\/estado29.mx\/index.php?rest_route=%2Fwp%2Fv2%2Fmedia&parent=21516"}],"wp:term":[{"taxonomy":"category","embeddable":true,"href":"https:\/\/estado29.mx\/index.php?rest_route=%2Fwp%2Fv2%2Fcategories&post=21516"},{"taxonomy":"post_tag","embeddable":true,"href":"https:\/\/estado29.mx\/index.php?rest_route=%2Fwp%2Fv2%2Ftags&post=21516"}],"curies":[{"name":"wp","href":"https:\/\/api.w.org\/{rel}","templated":true}]}}