{"id":21519,"date":"2017-08-10T07:39:12","date_gmt":"2017-08-10T12:39:12","guid":{"rendered":"http:\/\/estado29.mx\/?p=21519"},"modified":"2017-08-10T07:39:12","modified_gmt":"2017-08-10T12:39:12","slug":"acuerdan-gobierno-del-concesionarios-atah-mesas-trabajo-seguridad","status":"publish","type":"post","link":"https:\/\/estado29.mx\/?p=21519","title":{"rendered":"Acuerdan gobierno del estado y concesionarios de ATAH mesas de trabajo por seguridad"},"content":{"rendered":"<p>La Procuradur\u00eda General de Justicia del Estado recibi\u00f3 a una comisi\u00f3n conformada por concesionarios del transporte p\u00fablico, en la que tambi\u00e9n participaron la Secretar\u00eda de Gobierno, la Comisi\u00f3n Estatal de Seguridad y la Secretar\u00eda de Comunicaciones y Transportes del Estado, en la que se acord\u00f3 establecer mesas de trabajo para coordinar esfuerzos en materia de seguridad en el transporte.<\/p>\n<p>Tito Cervantes Zepeda, titular de la PGJE, explic\u00f3 que existen avances importantes en la investigaci\u00f3n de los hechos ocurridos la tarde del martes, al tiempo de informar que la familia de la v\u00edctima mantiene atenci\u00f3n permanente por parte de la dependencia para garantizar su apertura total en el asunto.<\/p>\n<p>Anabel Alvarado Varela, titular de la Secretar\u00eda de Gobierno (Segob), refrend\u00f3 el compromiso de la Administraci\u00f3n Estatal de mantenerse abierta al di\u00e1logo y coordinarse con las empresas de transporte p\u00fablico y con los niveles de gobierno para abordar esquemas que brinden seguridad a los usuarios y trabajadores del transporte p\u00fablico.<\/p>\n<p>No\u00e9 Rodr\u00edguez Rold\u00e1n, titular de la Secretar\u00eda de Comunicaciones y Transportes del Estado (Secte), explic\u00f3 que a partir de la siguiente semana se llevar\u00e1n a cabo reuniones en las que participar\u00e1n instituciones de seguridad de los diversos niveles de gobierno, as\u00ed como de las organizaciones de transporte p\u00fablico, quienes analizar\u00e1n las acciones y mecanismos que contribuyan a la seguridad de este sector.<\/p>\n<p>Los concesionarios reunidos reconocieron la disposici\u00f3n y el trabajo de las autoridades en el tema, adem\u00e1s de que se sumaron a la propuesta de realizaci\u00f3n de encuentros pr\u00f3ximos para plantear alternativas de cooperaci\u00f3n.<\/p>\n<p>Finalmente, la Secretaria de Gobierno adelant\u00f3 que la dependencia a su cargo convocar\u00e1 a una primera mesa de trabajo la pr\u00f3xima semana, al tiempo de agradecer a los concesionarios por participar en este acercamiento, donde se les dio a conocer el trabajo que realizan las dependencias de la Administraci\u00f3n Estatal en cuesti\u00f3n de seguridad.<\/p>\n<p>Cabe resaltar que las vialidades que se encontraban bloqueadas en algunos puntos de la capital ya fueron liberadas.<\/p>\n","protected":false},"excerpt":{"rendered":"<p>La Procuradur\u00eda General de Justicia del Estado recibi\u00f3 a una comisi\u00f3n conformada por concesionarios del transporte p\u00fablico, en la que tambi\u00e9n participaron la Secretar\u00eda de Gobierno, la Comisi\u00f3n Estatal de Seguridad y la Secretar\u00eda de Comunicaciones y Transportes del Estado, en la que se acord\u00f3 establecer mesas de trabajo para coordinar esfuerzos en materia de [&hellip;]<\/p>\n","protected":false},"author":12,"featured_media":0,"comment_status":"open","ping_status":"open","sticky":false,"template":"","format":"standard","meta":{"om_disable_all_campaigns":false,"_monsterinsights_skip_tracking":false,"_monsterinsights_sitenote_active":false,"_monsterinsights_sitenote_note":"","_monsterinsights_sitenote_category":0,"jnews-multi-image_gallery":[],"jnews_single_post":[],"jnews_primary_category":[],"footnotes":""},"categories":[],"tags":[],"class_list":["post-21519","post","type-post","status-publish","format-standard","hentry"],"aioseo_notices":[],"_links":{"self":[{"href":"https:\/\/estado29.mx\/index.php?rest_route=\/wp\/v2\/posts\/21519","targetHints":{"allow":["GET"]}}],"collection":[{"href":"https:\/\/estado29.mx\/index.php?rest_route=\/wp\/v2\/posts"}],"about":[{"href":"https:\/\/estado29.mx\/index.php?rest_route=\/wp\/v2\/types\/post"}],"author":[{"embeddable":true,"href":"https:\/\/estado29.mx\/index.php?rest_route=\/wp\/v2\/users\/12"}],"replies":[{"embeddable":true,"href":"https:\/\/estado29.mx\/index.php?rest_route=%2Fwp%2Fv2%2Fcomments&post=21519"}],"version-history":[{"count":2,"href":"https:\/\/estado29.mx\/index.php?rest_route=\/wp\/v2\/posts\/21519\/revisions"}],"predecessor-version":[{"id":21531,"href":"https:\/\/estado29.mx\/index.php?rest_route=\/wp\/v2\/posts\/21519\/revisions\/21531"}],"wp:attachment":[{"href":"https:\/\/estado29.mx\/index.php?rest_route=%2Fwp%2Fv2%2Fmedia&parent=21519"}],"wp:term":[{"taxonomy":"category","embeddable":true,"href":"https:\/\/estado29.mx\/index.php?rest_route=%2Fwp%2Fv2%2Fcategories&post=21519"},{"taxonomy":"post_tag","embeddable":true,"href":"https:\/\/estado29.mx\/index.php?rest_route=%2Fwp%2Fv2%2Ftags&post=21519"}],"curies":[{"name":"wp","href":"https:\/\/api.w.org\/{rel}","templated":true}]}}