{"id":21523,"date":"2017-08-10T11:31:15","date_gmt":"2017-08-10T16:31:15","guid":{"rendered":"http:\/\/estado29.mx\/?p=21523"},"modified":"2017-08-10T11:31:15","modified_gmt":"2017-08-10T16:31:15","slug":"en-tequexquitla-iniciaran-programas-difusion-prevencion-del-delito","status":"publish","type":"post","link":"https:\/\/estado29.mx\/?p=21523","title":{"rendered":"En Tequexquitla iniciar\u00e1n programas de difusi\u00f3n sobre prevenci\u00f3n del delito."},"content":{"rendered":"<p>Carmelo Ram\u00edrez Hern\u00e1ndez, Director de Seguridad P\u00faublica en el Carmen Tequexquitla, resalt\u00f3 que una de las acciones que se implementar\u00e1n en materia de seguridad, es la difusi\u00f3n de programas para crear en los pobladores la cultura de la denuncia, as\u00ed como la prevenci\u00f3n de delitos.<\/p>\n<p>Agreg\u00f3 que la de participaci\u00f3n de los pobladores es importante para reducir la delincuencia en el lugar &#8220;pr\u00f3ximamente vamos a tener programas de difusi\u00f3n, lo que interesa aqu\u00ed, dentro de la demanda poblacional, de seguridad, la cultura de la denuncia, la prevenci\u00f3n de delito, el robo a casa habitaci\u00f3n, robo de autotransporte&#8221;.<\/p>\n<p>&#8220;vamos a invitar a la poblaci\u00f3n, que pues, tambi\u00e9n deben de tener una participaci\u00f3n en los programas de participaci\u00f3n ciudadana&#8221;.<\/p>\n<p>Mencion\u00f3 que se buscar\u00e1 realizar grupos de vecinos vigilantes, as\u00ed como alarmas vecinales &#8220;vamos a ver si podemos hacer agendas de vecinos vigilantes, alarmas vecinales tambi\u00e9n, la delincuencia est\u00e1, en cierto momento organizada, y si nosotros no nos organizamos, no prevemos, pues obviamente nos van a dar el gane por ah\u00ed&#8221;.<\/p>\n<p>Finalmente, Ram\u00edrez Hern\u00e1ndez afirm\u00f3 que &#8220;nos vamos a enfocar con la seguridad poblacional que es lo importante en este momento&#8221;.<\/p>\n","protected":false},"excerpt":{"rendered":"<p>Carmelo Ram\u00edrez Hern\u00e1ndez, Director de Seguridad P\u00faublica en el Carmen Tequexquitla, resalt\u00f3 que una de las acciones que se implementar\u00e1n en materia de seguridad, es la difusi\u00f3n de programas para crear en los pobladores la cultura de la denuncia, as\u00ed como la prevenci\u00f3n de delitos. Agreg\u00f3 que la de participaci\u00f3n de los pobladores es importante [&hellip;]<\/p>\n","protected":false},"author":22,"featured_media":0,"comment_status":"open","ping_status":"open","sticky":false,"template":"","format":"standard","meta":{"om_disable_all_campaigns":false,"_monsterinsights_skip_tracking":false,"_monsterinsights_sitenote_active":false,"_monsterinsights_sitenote_note":"","_monsterinsights_sitenote_category":0,"jnews-multi-image_gallery":[],"jnews_single_post":[],"jnews_primary_category":[],"footnotes":""},"categories":[],"tags":[],"class_list":["post-21523","post","type-post","status-publish","format-standard","hentry"],"aioseo_notices":[],"_links":{"self":[{"href":"https:\/\/estado29.mx\/index.php?rest_route=\/wp\/v2\/posts\/21523","targetHints":{"allow":["GET"]}}],"collection":[{"href":"https:\/\/estado29.mx\/index.php?rest_route=\/wp\/v2\/posts"}],"about":[{"href":"https:\/\/estado29.mx\/index.php?rest_route=\/wp\/v2\/types\/post"}],"author":[{"embeddable":true,"href":"https:\/\/estado29.mx\/index.php?rest_route=\/wp\/v2\/users\/22"}],"replies":[{"embeddable":true,"href":"https:\/\/estado29.mx\/index.php?rest_route=%2Fwp%2Fv2%2Fcomments&post=21523"}],"version-history":[{"count":1,"href":"https:\/\/estado29.mx\/index.php?rest_route=\/wp\/v2\/posts\/21523\/revisions"}],"predecessor-version":[{"id":21530,"href":"https:\/\/estado29.mx\/index.php?rest_route=\/wp\/v2\/posts\/21523\/revisions\/21530"}],"wp:attachment":[{"href":"https:\/\/estado29.mx\/index.php?rest_route=%2Fwp%2Fv2%2Fmedia&parent=21523"}],"wp:term":[{"taxonomy":"category","embeddable":true,"href":"https:\/\/estado29.mx\/index.php?rest_route=%2Fwp%2Fv2%2Fcategories&post=21523"},{"taxonomy":"post_tag","embeddable":true,"href":"https:\/\/estado29.mx\/index.php?rest_route=%2Fwp%2Fv2%2Ftags&post=21523"}],"curies":[{"name":"wp","href":"https:\/\/api.w.org\/{rel}","templated":true}]}}