{"id":21532,"date":"2017-08-10T11:55:05","date_gmt":"2017-08-10T16:55:05","guid":{"rendered":"http:\/\/estado29.mx\/?p=21532"},"modified":"2017-08-10T11:55:05","modified_gmt":"2017-08-10T16:55:05","slug":"tlaxcala-coordinado-gobierno-federal-ante-presencia-franklin-marco-mena","status":"publish","type":"post","link":"https:\/\/estado29.mx\/?p=21532","title":{"rendered":"Tlaxcala coordinado con Gobierno Federal ante presencia de &#8220;Franklin&#8221;: Marco Mena."},"content":{"rendered":"<p>A trav\u00e9s de sus redes sociales, el Gobernador Marco Mena inform\u00f3 que el Gobierno del Estado se mantiene coordinado con el Gobierno Federal ante la presencia de la tormenta tropical \u201cFranklin\u201d en territorio nacional; adem\u00e1s, llam\u00f3 a los tlaxcaltecas a estar atentos al fen\u00f3meno natural durante su paso por la entidad.<\/p>\n<p>En su cuenta de Twitter, el Gobernador Mena escribi\u00f3: @GobTlaxcala en coordinaci\u00f3n con @Gobmx sobre #Franklin. Es importante estar atentos, como indica el Pdte. @EPN.<\/p>\n<p>En tanto, el Presidente de la Rep\u00fablica, Enrique Pe\u00f1a Nieto, a trav\u00e9s de su cuenta de Twitter, recalc\u00f3 que es importante extremar precauciones, al escribir: Ante el avance del hurac\u00e1n #Franklin hacia Veracruz, Puebla, Tlaxcala e Hidalgo, es importante mantenerse informado y extremar precauciones.<\/p>\n<p>Cabe se\u00f1alar que la Coordinaci\u00f3n Estatal de Protecci\u00f3n Civil (CEPC) mantiene un monitoreo permanente y en conjunto con las autoridades municipales y federales, para dar atenci\u00f3n oportuna a la poblaci\u00f3n y brindar la informaci\u00f3n pertinente sobre el avance del fen\u00f3meno meteorol\u00f3gico.<\/p>\n<p>La CEPC informa que, hasta el momento, no se han registrado da\u00f1os en la entidad a consecuencia de la tormenta tropical \u201cFranklin\u201d; sin embargo, llam\u00f3 a la poblaci\u00f3n a extremar precauciones, ya que se espera la presencia de lluvias.<\/p>\n","protected":false},"excerpt":{"rendered":"<p>A trav\u00e9s de sus redes sociales, el Gobernador Marco Mena inform\u00f3 que el Gobierno del Estado se mantiene coordinado con el Gobierno Federal ante la presencia de la tormenta tropical \u201cFranklin\u201d en territorio nacional; adem\u00e1s, llam\u00f3 a los tlaxcaltecas a estar atentos al fen\u00f3meno natural durante su paso por la entidad. En su cuenta de [&hellip;]<\/p>\n","protected":false},"author":12,"featured_media":0,"comment_status":"open","ping_status":"open","sticky":false,"template":"","format":"standard","meta":{"om_disable_all_campaigns":false,"_monsterinsights_skip_tracking":false,"_monsterinsights_sitenote_active":false,"_monsterinsights_sitenote_note":"","_monsterinsights_sitenote_category":0,"jnews-multi-image_gallery":[],"jnews_single_post":[],"jnews_primary_category":[],"footnotes":""},"categories":[],"tags":[],"class_list":["post-21532","post","type-post","status-publish","format-standard","hentry"],"aioseo_notices":[],"_links":{"self":[{"href":"https:\/\/estado29.mx\/index.php?rest_route=\/wp\/v2\/posts\/21532","targetHints":{"allow":["GET"]}}],"collection":[{"href":"https:\/\/estado29.mx\/index.php?rest_route=\/wp\/v2\/posts"}],"about":[{"href":"https:\/\/estado29.mx\/index.php?rest_route=\/wp\/v2\/types\/post"}],"author":[{"embeddable":true,"href":"https:\/\/estado29.mx\/index.php?rest_route=\/wp\/v2\/users\/12"}],"replies":[{"embeddable":true,"href":"https:\/\/estado29.mx\/index.php?rest_route=%2Fwp%2Fv2%2Fcomments&post=21532"}],"version-history":[{"count":1,"href":"https:\/\/estado29.mx\/index.php?rest_route=\/wp\/v2\/posts\/21532\/revisions"}],"predecessor-version":[{"id":21534,"href":"https:\/\/estado29.mx\/index.php?rest_route=\/wp\/v2\/posts\/21532\/revisions\/21534"}],"wp:attachment":[{"href":"https:\/\/estado29.mx\/index.php?rest_route=%2Fwp%2Fv2%2Fmedia&parent=21532"}],"wp:term":[{"taxonomy":"category","embeddable":true,"href":"https:\/\/estado29.mx\/index.php?rest_route=%2Fwp%2Fv2%2Fcategories&post=21532"},{"taxonomy":"post_tag","embeddable":true,"href":"https:\/\/estado29.mx\/index.php?rest_route=%2Fwp%2Fv2%2Ftags&post=21532"}],"curies":[{"name":"wp","href":"https:\/\/api.w.org\/{rel}","templated":true}]}}