{"id":21548,"date":"2017-08-10T15:00:36","date_gmt":"2017-08-10T20:00:36","guid":{"rendered":"http:\/\/estado29.mx\/?p=21548"},"modified":"2017-08-10T14:46:39","modified_gmt":"2017-08-10T19:46:39","slug":"reclama-alberto-amaro-recursos-del-segundo-ajuste-trimestre-congreso","status":"publish","type":"post","link":"https:\/\/estado29.mx\/?p=21548","title":{"rendered":"Reclama Alberto Amaro recursos del segundo ajuste trimestre para el Congreso"},"content":{"rendered":"<p><strong><em>El Gobierno del Estado inform\u00f3 los Poderes Legislativo y Judicial recibir\u00e1n recursos excedentes hasta el tercer ajuste trimestral. <\/em><\/strong><\/p>\n<p>El presidente de la Comisi\u00f3n de Finanzas y Fiscalizaci\u00f3n del Congreso del Estado, Alberto Amaro Corona, declar\u00f3 que buscar\u00e1 que el Gobierno del Estado\u00a0 libere en la misma proporci\u00f3n a los Poderes Ejecutivo, Legislativo y Judicial los recursos del segundo ajuste trimestral que result\u00f3 positivo para Tlaxcala, y as\u00ed dar cumplimiento a la reforma al art\u00edculo 299 del C\u00f3digo Financiero del Estado de Tlaxcala y sus Municipios.<\/p>\n<p>Lo anterior, luego de que el Gobierno local inform\u00f3 que har\u00edan efectiva la restituci\u00f3n de los recursos excedentes al Congreso del Estado y al Tribunal Superior de Justicia del Estado (TSJE) conforme a lo establecido en el Decreto 21 publicado en el Diario Oficial el 12 de julio, pero ser\u00e1 lo correspondiente al trimestre de julio-septiembre de este a\u00f1o.<\/p>\n<p>Entrevistado al respecto, el diputado perredista coment\u00f3 que probablemente habr\u00e1 una equivocaci\u00f3n de parte de la Secretar\u00eda de Planeaci\u00f3n y Finanzas del Gobierno del Estado, toda vez que las modificaciones al C\u00f3digo Financiero fueron aprobadas por el pleno del Congreso local el d\u00eda 30 de junio,\u00a0 y debi\u00f3 causar efecto en la distribuci\u00f3n de los recursos del segundo ajuste trimestral en la misma proporci\u00f3n para los tres poderes, mientras que los\u00a0 recursos excedentes para los 60 municipios quedar\u00edan igual.<\/p>\n<p>\u201cToda vez que yo soy parte del Consejo Permanente de Coordinaci\u00f3n Hacendaria, ah\u00ed ped\u00ed que quedara plasmado en el acta que no est\u00e1bamos de acuerdo adem\u00e1s de que en el Diario Oficial y en la reforma que hicimos resulta que el Congreso es el encargado de aprobar la distribuci\u00f3n de los recursos no el Consejo Permanente es el Congreso, y entonces est\u00e1n violando la ley\u201d, subray\u00f3.<\/p>\n<p>Por lo anterior, dijo que tendr\u00e1 buscar\u00e1 un acercamiento con el Gobierno del Estado para poder aclarar esa situaci\u00f3n, con el prop\u00f3sito que sean distribuidos cuanto antes los recursos excedentes por la venta de combustibles, \u201ctenemos que clarificar\u201d en ese asunto.<\/p>\n<p>&nbsp;<\/p>\n","protected":false},"excerpt":{"rendered":"<p>El Gobierno del Estado inform\u00f3 los Poderes Legislativo y Judicial recibir\u00e1n recursos excedentes hasta el tercer ajuste trimestral. El presidente de la Comisi\u00f3n de Finanzas y Fiscalizaci\u00f3n del Congreso del Estado, Alberto Amaro Corona, declar\u00f3 que buscar\u00e1 que el Gobierno del Estado\u00a0 libere en la misma proporci\u00f3n a los Poderes Ejecutivo, Legislativo y Judicial los [&hellip;]<\/p>\n","protected":false},"author":31,"featured_media":0,"comment_status":"open","ping_status":"open","sticky":false,"template":"","format":"standard","meta":{"om_disable_all_campaigns":false,"_monsterinsights_skip_tracking":false,"_monsterinsights_sitenote_active":false,"_monsterinsights_sitenote_note":"","_monsterinsights_sitenote_category":0,"jnews-multi-image_gallery":[],"jnews_single_post":[],"jnews_primary_category":[],"footnotes":""},"categories":[],"tags":[],"class_list":["post-21548","post","type-post","status-publish","format-standard","hentry"],"aioseo_notices":[],"_links":{"self":[{"href":"https:\/\/estado29.mx\/index.php?rest_route=\/wp\/v2\/posts\/21548","targetHints":{"allow":["GET"]}}],"collection":[{"href":"https:\/\/estado29.mx\/index.php?rest_route=\/wp\/v2\/posts"}],"about":[{"href":"https:\/\/estado29.mx\/index.php?rest_route=\/wp\/v2\/types\/post"}],"author":[{"embeddable":true,"href":"https:\/\/estado29.mx\/index.php?rest_route=\/wp\/v2\/users\/31"}],"replies":[{"embeddable":true,"href":"https:\/\/estado29.mx\/index.php?rest_route=%2Fwp%2Fv2%2Fcomments&post=21548"}],"version-history":[{"count":1,"href":"https:\/\/estado29.mx\/index.php?rest_route=\/wp\/v2\/posts\/21548\/revisions"}],"predecessor-version":[{"id":21549,"href":"https:\/\/estado29.mx\/index.php?rest_route=\/wp\/v2\/posts\/21548\/revisions\/21549"}],"wp:attachment":[{"href":"https:\/\/estado29.mx\/index.php?rest_route=%2Fwp%2Fv2%2Fmedia&parent=21548"}],"wp:term":[{"taxonomy":"category","embeddable":true,"href":"https:\/\/estado29.mx\/index.php?rest_route=%2Fwp%2Fv2%2Fcategories&post=21548"},{"taxonomy":"post_tag","embeddable":true,"href":"https:\/\/estado29.mx\/index.php?rest_route=%2Fwp%2Fv2%2Ftags&post=21548"}],"curies":[{"name":"wp","href":"https:\/\/api.w.org\/{rel}","templated":true}]}}