{"id":21553,"date":"2017-08-10T16:59:08","date_gmt":"2017-08-10T21:59:08","guid":{"rendered":"http:\/\/estado29.mx\/?p=21553"},"modified":"2017-08-10T16:50:19","modified_gmt":"2017-08-10T21:50:19","slug":"la-sepe-a-traves-una-comision-atendera-a-integrantes-la-cnte-estan-en-huelga-en-congreso-local","status":"publish","type":"post","link":"https:\/\/estado29.mx\/?p=21553","title":{"rendered":"La Sepe a trav\u00e9s de una comisi\u00f3n atender\u00e1 a integrantes de la CNTE que est\u00e1n en huelga en el congreso local"},"content":{"rendered":"<p><em>\u201cNo hay una indicaci\u00f3n legal que nos marque que hay que reinstalarlos\u201d: Camacho Higareda<\/em><\/p>\n<p>El Secretario de Educaci\u00f3n P\u00fablica (Sepe), Manuel Camacho Higareda, destac\u00f3 que este jueves, integrantes de la Coordinadora Nacional de Trabajadores de la Educaci\u00f3n (CNTE) que se encuentran en huelga afuera del congreso del estado, en demanda de la reinstalaci\u00f3n de plazas, ser\u00e1n atendidos por una comisi\u00f3n de esta dependencia.<\/p>\n<p>Asever\u00f3 que el objetivo de escucharlos, es analizar sus propuestas y saber qu\u00e9 es lo m\u00e1s viable a sus peticiones, porque su principal demanda no es posible porque no hay un ordenamiento legal para hacer este proceso.<\/p>\n<p>\u201cNo hay una indicaci\u00f3n legal que nos marque que hay que reinstalarlos, ellos salieron del servicio profesional docente porque no cumplieron \u00a0con la evaluaci\u00f3n 2015. Ello entablan un juicios para resolver sus derechos laborales, entonces est\u00e1n en proceso, estaremos pendientes c\u00f3mo avanza\u201d, indic\u00f3<\/p>\n<p>Reiter\u00f3 que si esta reinstalaci\u00f3n de ha dado en otras entidades, en el caso de Tlaxcala no existe una ley que se\u00f1ale esto. \u201cSi en otros estados llegaron\u00a0 un acuerdo, ignoro de que naturaleza pero legalmente no estamos capacitados para hacerlo\u201d.<\/p>\n<p>Llam\u00f3 a cualquier grupo o ciudadanos a defender los derechos ciudadanos y laborales, pero siempre en respeto de \u00a0las dem\u00e1s personas, ya que ninguna causa se puede defender por la v\u00eda de la laceraci\u00f3n de los derechos de otros.<\/p>\n<p>&nbsp;<\/p>\n<p>&nbsp;<\/p>\n","protected":false},"excerpt":{"rendered":"<p>\u201cNo hay una indicaci\u00f3n legal que nos marque que hay que reinstalarlos\u201d: Camacho Higareda El Secretario de Educaci\u00f3n P\u00fablica (Sepe), Manuel Camacho Higareda, destac\u00f3 que este jueves, integrantes de la Coordinadora Nacional de Trabajadores de la Educaci\u00f3n (CNTE) que se encuentran en huelga afuera del congreso del estado, en demanda de la reinstalaci\u00f3n de plazas, [&hellip;]<\/p>\n","protected":false},"author":28,"featured_media":0,"comment_status":"open","ping_status":"open","sticky":false,"template":"","format":"standard","meta":{"om_disable_all_campaigns":false,"_monsterinsights_skip_tracking":false,"_monsterinsights_sitenote_active":false,"_monsterinsights_sitenote_note":"","_monsterinsights_sitenote_category":0,"jnews-multi-image_gallery":[],"jnews_single_post":[],"jnews_primary_category":[],"footnotes":""},"categories":[],"tags":[],"class_list":["post-21553","post","type-post","status-publish","format-standard","hentry"],"aioseo_notices":[],"_links":{"self":[{"href":"https:\/\/estado29.mx\/index.php?rest_route=\/wp\/v2\/posts\/21553","targetHints":{"allow":["GET"]}}],"collection":[{"href":"https:\/\/estado29.mx\/index.php?rest_route=\/wp\/v2\/posts"}],"about":[{"href":"https:\/\/estado29.mx\/index.php?rest_route=\/wp\/v2\/types\/post"}],"author":[{"embeddable":true,"href":"https:\/\/estado29.mx\/index.php?rest_route=\/wp\/v2\/users\/28"}],"replies":[{"embeddable":true,"href":"https:\/\/estado29.mx\/index.php?rest_route=%2Fwp%2Fv2%2Fcomments&post=21553"}],"version-history":[{"count":4,"href":"https:\/\/estado29.mx\/index.php?rest_route=\/wp\/v2\/posts\/21553\/revisions"}],"predecessor-version":[{"id":21558,"href":"https:\/\/estado29.mx\/index.php?rest_route=\/wp\/v2\/posts\/21553\/revisions\/21558"}],"wp:attachment":[{"href":"https:\/\/estado29.mx\/index.php?rest_route=%2Fwp%2Fv2%2Fmedia&parent=21553"}],"wp:term":[{"taxonomy":"category","embeddable":true,"href":"https:\/\/estado29.mx\/index.php?rest_route=%2Fwp%2Fv2%2Fcategories&post=21553"},{"taxonomy":"post_tag","embeddable":true,"href":"https:\/\/estado29.mx\/index.php?rest_route=%2Fwp%2Fv2%2Ftags&post=21553"}],"curies":[{"name":"wp","href":"https:\/\/api.w.org\/{rel}","templated":true}]}}