{"id":21559,"date":"2017-08-10T17:30:19","date_gmt":"2017-08-10T22:30:19","guid":{"rendered":"http:\/\/estado29.mx\/?p=21559"},"modified":"2017-08-10T17:29:28","modified_gmt":"2017-08-10T22:29:28","slug":"sin-resultados-concluye-cnte-planton-mantenian-afuera-del-congreso","status":"publish","type":"post","link":"https:\/\/estado29.mx\/?p=21559","title":{"rendered":"Sin resultados, concluye CNTE plant\u00f3n que manten\u00edan afuera del Congreso"},"content":{"rendered":"<p><strong><em>Regresar\u00e1n el pr\u00f3ximo martes a Palacio Legislativo para pedir la atenci\u00f3n de los diputados locales. <\/em><\/strong><\/p>\n<p>Tras nueve d\u00edas de permanecer d\u00eda y noche en plant\u00f3n a las afueras del Palacio Legislativo en demanda de la reinstalaci\u00f3n de 25 docentes que fueron cesados al negarse a ser evaluados en 2016, este jueves los integrantes del Consejo Central de Lucha (CCL) de la Coordinadora Nacional de Trabajadores de la Educaci\u00f3n (CNTE) levantaron sus casas de campa\u00f1a y la carpa que hab\u00edan instalado, esto \u00a0ante la falta de acuerdos con la Secretar\u00eda de Educaci\u00f3n P\u00fablica del Estado (SEPE).<\/p>\n<p>Al respecto, Agust\u00edn S\u00e1nchez Corona, vocero del Consejo Central de Lucha, explic\u00f3 que este\u00a0 jueves tuvieron reuni\u00f3n con funcionarios de la Unidad de Servicios Educativos de Tlaxcala (USET) quienes \u00fanicamente ten\u00edan la consigna de escuchar sus demandas pero no de resolverlas; motivo por el cual decidieron levantar el plant\u00f3n que hab\u00edan iniciado el pasado 1 de agosto.<\/p>\n<p>Agreg\u00f3 que fueron atendidos por la directora de Asuntos Laborales de la dependencia, Claudia In\u00e9s Xochihua, quien atendi\u00f3 a los integrantes de la CNTE con una actitud despectiva y prepotente, incluso argument\u00f3 que los legisladores \u00fanicamente \u00a0hab\u00edan solicitado que escucharan las peticiones de los maestros y fue lo que hizo.<\/p>\n<p>S\u00e1nchez Corona, dijo que el pr\u00f3ximo martes regresar\u00e1n al Congreso local para exigir a los diputados que se conforme una Comisi\u00f3n Especial con el objetivo de que funjan de manera efectiva como apoyo para conseguir la restituci\u00f3n de los 25 docentes que fueron cesados el a\u00f1o pasado por negarse a la evaluaci\u00f3n que contemplaba la Reforma Educativa.<\/p>\n","protected":false},"excerpt":{"rendered":"<p>Regresar\u00e1n el pr\u00f3ximo martes a Palacio Legislativo para pedir la atenci\u00f3n de los diputados locales. Tras nueve d\u00edas de permanecer d\u00eda y noche en plant\u00f3n a las afueras del Palacio Legislativo en demanda de la reinstalaci\u00f3n de 25 docentes que fueron cesados al negarse a ser evaluados en 2016, este jueves los integrantes del Consejo [&hellip;]<\/p>\n","protected":false},"author":31,"featured_media":0,"comment_status":"open","ping_status":"open","sticky":false,"template":"","format":"standard","meta":{"om_disable_all_campaigns":false,"_monsterinsights_skip_tracking":false,"_monsterinsights_sitenote_active":false,"_monsterinsights_sitenote_note":"","_monsterinsights_sitenote_category":0,"jnews-multi-image_gallery":[],"jnews_single_post":[],"jnews_primary_category":[],"footnotes":""},"categories":[],"tags":[],"class_list":["post-21559","post","type-post","status-publish","format-standard","hentry"],"aioseo_notices":[],"_links":{"self":[{"href":"https:\/\/estado29.mx\/index.php?rest_route=\/wp\/v2\/posts\/21559","targetHints":{"allow":["GET"]}}],"collection":[{"href":"https:\/\/estado29.mx\/index.php?rest_route=\/wp\/v2\/posts"}],"about":[{"href":"https:\/\/estado29.mx\/index.php?rest_route=\/wp\/v2\/types\/post"}],"author":[{"embeddable":true,"href":"https:\/\/estado29.mx\/index.php?rest_route=\/wp\/v2\/users\/31"}],"replies":[{"embeddable":true,"href":"https:\/\/estado29.mx\/index.php?rest_route=%2Fwp%2Fv2%2Fcomments&post=21559"}],"version-history":[{"count":1,"href":"https:\/\/estado29.mx\/index.php?rest_route=\/wp\/v2\/posts\/21559\/revisions"}],"predecessor-version":[{"id":21560,"href":"https:\/\/estado29.mx\/index.php?rest_route=\/wp\/v2\/posts\/21559\/revisions\/21560"}],"wp:attachment":[{"href":"https:\/\/estado29.mx\/index.php?rest_route=%2Fwp%2Fv2%2Fmedia&parent=21559"}],"wp:term":[{"taxonomy":"category","embeddable":true,"href":"https:\/\/estado29.mx\/index.php?rest_route=%2Fwp%2Fv2%2Fcategories&post=21559"},{"taxonomy":"post_tag","embeddable":true,"href":"https:\/\/estado29.mx\/index.php?rest_route=%2Fwp%2Fv2%2Ftags&post=21559"}],"curies":[{"name":"wp","href":"https:\/\/api.w.org\/{rel}","templated":true}]}}