{"id":21562,"date":"2017-08-11T09:13:07","date_gmt":"2017-08-11T14:13:07","guid":{"rendered":"http:\/\/estado29.mx\/?p=21562"},"modified":"2017-08-11T09:14:04","modified_gmt":"2017-08-11T14:14:04","slug":"arte-efimero-huamantla","status":"publish","type":"post","link":"https:\/\/estado29.mx\/?p=21562","title":{"rendered":"Arte Ef\u00edmero, identidad y patrimonio de los huamantlecos"},"content":{"rendered":"<p>Huamantla es la cuna del arte ef\u00edmero m\u00e1s representativo de nuestra entidad con los bellos, coloridos y majestuosos trabajos que hacen cientos de manos de artesanos con sus tapetes y alfombras.<\/p>\n<p>En estos d\u00edas, en el marco de la celebraci\u00f3n de la Virgen de la Caridad, este bello municipio, rico por su cultura, tradici\u00f3n y gastronom\u00eda, entre otros aspectos, es el centro de atracci\u00f3n mundial por los trabajos que realizan las manos de hombres y mujeres que todos los d\u00edas adornan el atrio de la iglesia en donde se venera a dicha santidad.<\/p>\n<p>Con miles de flores, granos, semillas y as\u00ed como tierra y serr\u00edn, los artesanos hacen unas verdaderas obras de arte que cientos de personas admiran y quisieran que \u00e9stas nunca perecieran.<\/p>\n<p>Los tapetes y alfombras son considerados como un arte ef\u00edmero, entendido \u00e9ste como toda expresi\u00f3n art\u00edstica concebida bajo un concepto de fugacidad en el tiempo, de no permanencia como objeto art\u00edstico material y conservable. Por su car\u00e1cter perecedero y transitorio, el arte ef\u00edmero no deja una obra perdurable.<\/p>\n<p>Aunque diversas manifestaciones que puedan ser consideradas como arte ef\u00edmero han existido desde los inicios de la expresividad art\u00edstica del\u00a0ser humano\u00a0\u2014incluso podr\u00eda considerarse como algo inherente a una cierta concepci\u00f3n del arte\u2014, ha sido en el\u00a0siglo XX\u00a0cuando \u00e9stas formas de expresi\u00f3n han adquirido un gran auge. La est\u00e9tica contempor\u00e1nea ha presentado una gran diversidad de tendencias, en paralelo con la atomizaci\u00f3n de estilos producida en el arte del siglo XX. Tanto la est\u00e9tica como el arte actuales reflejan ideas culturales y filos\u00f3ficas que se fueron gestando en el cambio de\u00a0siglo XIX-XX.<\/p>\n<p>El arte contempor\u00e1neo est\u00e1 \u00edntimamente ligado a la\u00a0sociedad, a la evoluci\u00f3n de los conceptos sociales, como el mecanicismo y la desvalorizaci\u00f3n del\u00a0tiempo\u00a0y la\u00a0belleza. Es un arte que destaca por su instantaneidad, necesita poco tiempo de percepci\u00f3n. El arte actual tiene oscilaciones continuas del gusto, cambia simult\u00e1neamente.<\/p>\n<p>Sin embargo, la percepci\u00f3n de lo ef\u00edmero no se aprecia por igual en el arte occidental que en otros \u00e1mbitos y otras culturas, de igual manera que no en todas las civilizaciones existe un mismo concepto sobre el arte ef\u00edmero.<\/p>\n<p>La Real Academia Espa\u00f1ola da como definici\u00f3n de arte, entre otras: \u201ccapacidad, habilidad para hacer algo\u201d; \u201cmanifestaci\u00f3n de la actividad humana mediante la cual se interpreta lo real o se plasma lo imaginado con recursos pl\u00e1sticos, ling\u00fc\u00edsticos o sonoros.\u201d En cuanto a ef\u00edmero lo define como \u201cpasajero, de corta duraci\u00f3n\u201d; \u201cque tiene la duraci\u00f3n de un solo d\u00eda\u201d.<\/p>\n<p>Puede considerarse a este arte como la expresi\u00f3n art\u00edstica que se concibe dentro del par\u00e1metro de fugacidad en el tiempo, y de no perdurabilidad como objeto art\u00edstico material. Tiene un car\u00e1cter perecedero y transitorio, y aunque deje una obra perdurable como podr\u00eda ser el caso de la\u00a0moda, ya no tiene la representatividad del momento en que se cre\u00f3. A diferencia de toda obra art\u00edstica que puede perecer por razones ajenas a ella, en este caso, en su g\u00e9nesis existe un componente de transitoriedad, y de expresi\u00f3n fugaz en el tiempo. Es un arte pasajero y moment\u00e1neo. Una manera de secundarlo y darle la perpetuidad es a trav\u00e9s de la fotograf\u00eda o el v\u00eddeo, por ello, propios y extra\u00f1os, no dejan de retratar y videograbar esas obras.<\/p>\n<p>Por ello, sirvan estas l\u00edneas para invitarlo amigo lector para que pierda la oportunidad de visitar estas obras que todos los d\u00edas se exhiben en el atrio de la Iglesia de la Virgen de la Caridad o bien, si usted prefiere, no dude en recorrer las calles de este pueblo m\u00e1gico de Huamantla, durante la noche del 14 de agosto, en la llamada Noche que Nadie Duerme.<\/p>\n<p>Ese d\u00eda, los artesanos y lugare\u00f1os se esmeran en presentar sus mejores obras para disfrute de quienes los visitan, pero sobre todo, como ofrenda a su patrona, la virgen de los pobres, como lo es la de La Caridad.<\/p>\n<p>&nbsp;<\/p>\n","protected":false},"excerpt":{"rendered":"<p>Huamantla es la cuna del arte ef\u00edmero m\u00e1s representativo de nuestra entidad con los bellos, coloridos y majestuosos trabajos que hacen cientos de manos de artesanos con sus tapetes y alfombras. En estos d\u00edas, en el marco de la celebraci\u00f3n de la Virgen de la Caridad, este bello municipio, rico por su cultura, tradici\u00f3n y [&hellip;]<\/p>\n","protected":false},"author":13,"featured_media":0,"comment_status":"open","ping_status":"open","sticky":false,"template":"","format":"standard","meta":{"om_disable_all_campaigns":false,"_monsterinsights_skip_tracking":false,"_monsterinsights_sitenote_active":false,"_monsterinsights_sitenote_note":"","_monsterinsights_sitenote_category":0,"jnews-multi-image_gallery":[],"jnews_single_post":[],"jnews_primary_category":[],"footnotes":""},"categories":[],"tags":[],"class_list":["post-21562","post","type-post","status-publish","format-standard","hentry"],"aioseo_notices":[],"_links":{"self":[{"href":"https:\/\/estado29.mx\/index.php?rest_route=\/wp\/v2\/posts\/21562","targetHints":{"allow":["GET"]}}],"collection":[{"href":"https:\/\/estado29.mx\/index.php?rest_route=\/wp\/v2\/posts"}],"about":[{"href":"https:\/\/estado29.mx\/index.php?rest_route=\/wp\/v2\/types\/post"}],"author":[{"embeddable":true,"href":"https:\/\/estado29.mx\/index.php?rest_route=\/wp\/v2\/users\/13"}],"replies":[{"embeddable":true,"href":"https:\/\/estado29.mx\/index.php?rest_route=%2Fwp%2Fv2%2Fcomments&post=21562"}],"version-history":[{"count":2,"href":"https:\/\/estado29.mx\/index.php?rest_route=\/wp\/v2\/posts\/21562\/revisions"}],"predecessor-version":[{"id":21564,"href":"https:\/\/estado29.mx\/index.php?rest_route=\/wp\/v2\/posts\/21562\/revisions\/21564"}],"wp:attachment":[{"href":"https:\/\/estado29.mx\/index.php?rest_route=%2Fwp%2Fv2%2Fmedia&parent=21562"}],"wp:term":[{"taxonomy":"category","embeddable":true,"href":"https:\/\/estado29.mx\/index.php?rest_route=%2Fwp%2Fv2%2Fcategories&post=21562"},{"taxonomy":"post_tag","embeddable":true,"href":"https:\/\/estado29.mx\/index.php?rest_route=%2Fwp%2Fv2%2Ftags&post=21562"}],"curies":[{"name":"wp","href":"https:\/\/api.w.org\/{rel}","templated":true}]}}