{"id":21573,"date":"2017-08-11T08:10:55","date_gmt":"2017-08-11T13:10:55","guid":{"rendered":"http:\/\/estado29.mx\/?p=21573"},"modified":"2017-08-11T08:08:09","modified_gmt":"2017-08-11T13:08:09","slug":"en-tlaxcala-existe-alto-indice-poblacion-labio-paladar-hendido-alberto-jonguitud","status":"publish","type":"post","link":"https:\/\/estado29.mx\/?p=21573","title":{"rendered":"En Tlaxcala no existe un alto \u00edndice de poblaci\u00f3n con Labio o Paladar Hendido: Alberto Jonguitud"},"content":{"rendered":"<p><em>Se atender\u00e1 al paciente n\u00famero mil 500 a trav\u00e9s de 25 jornadas quir\u00fargicas que se han realizado en los \u00faltimos 23 a\u00f1os <\/em><\/p>\n<p>El Secretario de Salud (Sesa), Alberto Jonguitud Falc\u00f3n, asegur\u00f3 que en la entidad no existe un alto \u00edndice de poblaci\u00f3n con Labio o Paladar Hendido, pero si se atiende un importante n\u00famero de casos, esto porque en Tlaxcala est\u00e1 la \u00fanica cl\u00ednica que hace cirug\u00edas de manera gratuita en M\u00e9xico.<\/p>\n<p>Lo anterior tras anunciar la segunda Jornada de Labio y Paladar Hendido 2017, que organiza la Secretar\u00eda de Salud y la fundaci\u00f3n Smile Train, la cual inici\u00f3 el 10 de agosto y culmina el pr\u00f3ximo domingo.<\/p>\n<p>Agreg\u00f3 que con esta segunda etapa se atender\u00e1 al paciente n\u00famero mil 500 a trav\u00e9s de 25 jornadas quir\u00fargicas que se han realizado en los \u00faltimos 23 a\u00f1os en esta cl\u00ednica, ubicada en el Hospital General de Tlaxcala.<\/p>\n<p>Asimismo, agreg\u00f3 que son 40 menores se sumar\u00e1n a esta jornada, adem\u00e1s que otros 19 ni\u00f1os que fueron sometidos a cirug\u00eda pl\u00e1stica y reconstructiva en la primera jornada de Labio y Paladar Hendido que se llev\u00f3 a cabo en el mes de abril pasado, recibir\u00e1n una segunda intervenci\u00f3n.<\/p>\n<p>Indic\u00f3 que los menores provienen de diversos estados, como Puebla, Veracruz, Estado de M\u00e9xico, Ciudad de M\u00e9xico, Hidalgo, principalmente.<\/p>\n<p>Subray\u00f3 que esta jornada estar\u00e1 encabezada por el cirujano David Blas Dom\u00ednguez Reyes, director de la cl\u00ednica, y quien ha recibido reconocimientos por su labor en la Fundaci\u00f3n Smile Train y del Consejo Mexicano de Cirug\u00eda Pl\u00e1stica, Est\u00e9tica y Reconstructiva.<\/p>\n<p>Aunado, se\u00f1al\u00f3 que una cirug\u00eda de Labio y Paladar Hendido tiene un costo de hasta 50 mil pesos, ya que generalmente requiere de varias operaciones el paciente, de ah\u00ed la importancia de esto, ya que ayuda a las personas que no tienen estos recursos.<\/p>\n<p>\u201c25 jornadas en 23 a\u00f1os, hago \u00e9nfasis que no solo son tlaxcaltecas. Son especialistas de otros estados, es algo de lo que nos debemos sentir satisfechos y privilegiados en el estado de Tlaxcala\u201d, enfatiz\u00f3.<\/p>\n<p>&nbsp;<\/p>\n","protected":false},"excerpt":{"rendered":"<p>Se atender\u00e1 al paciente n\u00famero mil 500 a trav\u00e9s de 25 jornadas quir\u00fargicas que se han realizado en los \u00faltimos 23 a\u00f1os El Secretario de Salud (Sesa), Alberto Jonguitud Falc\u00f3n, asegur\u00f3 que en la entidad no existe un alto \u00edndice de poblaci\u00f3n con Labio o Paladar Hendido, pero si se atiende un importante n\u00famero de [&hellip;]<\/p>\n","protected":false},"author":28,"featured_media":0,"comment_status":"open","ping_status":"open","sticky":false,"template":"","format":"standard","meta":{"om_disable_all_campaigns":false,"_monsterinsights_skip_tracking":false,"_monsterinsights_sitenote_active":false,"_monsterinsights_sitenote_note":"","_monsterinsights_sitenote_category":0,"jnews-multi-image_gallery":[],"jnews_single_post":[],"jnews_primary_category":[],"footnotes":""},"categories":[],"tags":[],"class_list":["post-21573","post","type-post","status-publish","format-standard","hentry"],"aioseo_notices":[],"_links":{"self":[{"href":"https:\/\/estado29.mx\/index.php?rest_route=\/wp\/v2\/posts\/21573","targetHints":{"allow":["GET"]}}],"collection":[{"href":"https:\/\/estado29.mx\/index.php?rest_route=\/wp\/v2\/posts"}],"about":[{"href":"https:\/\/estado29.mx\/index.php?rest_route=\/wp\/v2\/types\/post"}],"author":[{"embeddable":true,"href":"https:\/\/estado29.mx\/index.php?rest_route=\/wp\/v2\/users\/28"}],"replies":[{"embeddable":true,"href":"https:\/\/estado29.mx\/index.php?rest_route=%2Fwp%2Fv2%2Fcomments&post=21573"}],"version-history":[{"count":4,"href":"https:\/\/estado29.mx\/index.php?rest_route=\/wp\/v2\/posts\/21573\/revisions"}],"predecessor-version":[{"id":21578,"href":"https:\/\/estado29.mx\/index.php?rest_route=\/wp\/v2\/posts\/21573\/revisions\/21578"}],"wp:attachment":[{"href":"https:\/\/estado29.mx\/index.php?rest_route=%2Fwp%2Fv2%2Fmedia&parent=21573"}],"wp:term":[{"taxonomy":"category","embeddable":true,"href":"https:\/\/estado29.mx\/index.php?rest_route=%2Fwp%2Fv2%2Fcategories&post=21573"},{"taxonomy":"post_tag","embeddable":true,"href":"https:\/\/estado29.mx\/index.php?rest_route=%2Fwp%2Fv2%2Ftags&post=21573"}],"curies":[{"name":"wp","href":"https:\/\/api.w.org\/{rel}","templated":true}]}}