{"id":21579,"date":"2017-08-11T10:55:46","date_gmt":"2017-08-11T15:55:46","guid":{"rendered":"http:\/\/estado29.mx\/?p=21579"},"modified":"2017-08-11T10:17:47","modified_gmt":"2017-08-11T15:17:47","slug":"opera-en-la-entidad-instituto-estatal-ciencia-tecnologia-vazquez-rodriguez","status":"publish","type":"post","link":"https:\/\/estado29.mx\/?p=21579","title":{"rendered":"No opera en la entidad el Instituto Estatal de Ciencia y Tecnolog\u00eda: V\u00e1zquez Rodr\u00edguez"},"content":{"rendered":"<p><em>El Instituto Estatal de Ciencia y Tecnolog\u00eda no ha sesionado durante todo este a\u00f1o, a pesar de que por ley lo tiene que hacerlo<\/em><\/p>\n<p><em>\u00a0<\/em><\/p>\n<p>Sin operar en la entidad el Instituto Estatal de Ciencia y Tecnolog\u00eda, que de acuerdo con la Ley en la materia del Estado de Tlaxcala, ser\u00e1 un organismo p\u00fablico descentralizado de la Administraci\u00f3n P\u00fablica Estatal, a fin de ocupar recursos que favorezcan la investigaci\u00f3n.<\/p>\n<p>&nbsp;<\/p>\n<p>Asimismo, este instituto tendr\u00e1 personalidad jur\u00eddica y patrimonio propio, contara\u0301 con una junta directiva, y habr\u00e1 de sesionar una vez al mes su direcci\u00f3n general, as\u00ed como un foro consultivo una vez al a\u00f1o, adem\u00e1s de una contralor\u00eda Interna.<\/p>\n<p>&nbsp;<\/p>\n<p>Lo anterior, lo dio a conocer el titular de la Secretar\u00eda de Desarrollo Econ\u00f3mico (Sedeco), Jorge Luis V\u00e1zquez Rodr\u00edguez, quien precis\u00f3 que los ocho millones de pesos que transfiri\u00f3 el Instituto Tlaxcalteca de Elecciones (ITE) a la Secretar\u00eda de Planeaci\u00f3n y Finanzas (SPF), por concepto de multas a partidos pol\u00edticos, se encuentra en el Fondo Mixto que tiene el gobierno del estado con el Consejo Nacional de Ciencia y Tecnolog\u00eda (Conacyt).<\/p>\n<p>&nbsp;<\/p>\n<p>\u201cSi te refieres a lo que son las multas electorales, se va al fondo mixto y el fondo mixto esta canalizado para generar todo lo que ser\u00eda el consorcio. El \u00fanico proyecto que tenemos para este a\u00f1o es la creaci\u00f3n del consorcio\u201d, detall\u00f3.<\/p>\n<p>&nbsp;<\/p>\n<p>Aunado, destac\u00f3 que el Instituto Estatal de Ciencia y Tecnolog\u00eda no ha sesionado durante todo este a\u00f1o, a pesar de que por ley lo tiene que hacerlo, a fin de aprobar proyectos; incluso, -dijo- que no hay alguna persona al frente de este instituto, el cual solo cuenta con un cub\u00edculo al interior de la dependencia que encabeza.<\/p>\n<p>&nbsp;<\/p>\n<p>Audio \u201cAnteriormente estaba una doctora, no se ha podido formalizar, pero creemos que ya teniendo directamente el consorcio de Tlaxcala, podr\u00edamos integrar de forma congruente todo lo que es el desarrollo tecnol\u00f3gico para Tlaxcala. No es que no est\u00e9 funcionando, est\u00e1 formado, pero no ha sesionado, que es muy diferente a que no est\u00e9 funcionando del Estado\u201d.<\/p>\n<p>&nbsp;<\/p>\n<p>Por ello, resalto que una vez que se instale un Consorcio Integral de Ciencia y Tecnolog\u00eda por parte del Conacyt en Tlaxcala, se va impulsar la creaci\u00f3n del Instituto.<\/p>\n<p>&nbsp;<\/p>\n<p>\u201cVamos a tener aqu\u00ed la reuni\u00f3n nacional de centros tecnol\u00f3gicos de Conacyt, est\u00e1 programada para el 21 de agosto y en consecuencia vamos a ir a integrar y vincular la informaci\u00f3n del nuevo consorcio que se instalar\u00e1 en Tlaxcala y derivado del consorcio, pretendemos tener entonces ya el instituto de ciencia y tecnolog\u00eda\u201d, indic\u00f3.<\/p>\n<p>&nbsp;<\/p>\n<p>En otro tema, V\u00e1zquez Rodr\u00edguez, asegur\u00f3 que el Conacyt ya no ocupar\u00e1 la Plaza Bicentenario, pero est\u00e1n buscando otros proyectos que puedan ser viables para este espacio f\u00edsico, que tiene m\u00e1s de seis a\u00f1os en el abandono.<\/p>\n<p>&nbsp;<\/p>\n<p>\u201cYa no se va a lograr ah\u00ed, la plaza tiene una capacidad mucho m\u00e1s grande y estamos esperando que haya una mejor propuesta de otros sectores o de educaci\u00f3n probablemente\u201d, argument\u00f3. .<\/p>\n<p>&nbsp;<\/p>\n","protected":false},"excerpt":{"rendered":"<p>El Instituto Estatal de Ciencia y Tecnolog\u00eda no ha sesionado durante todo este a\u00f1o, a pesar de que por ley lo tiene que hacerlo \u00a0 Sin operar en la entidad el Instituto Estatal de Ciencia y Tecnolog\u00eda, que de acuerdo con la Ley en la materia del Estado de Tlaxcala, ser\u00e1 un organismo p\u00fablico descentralizado [&hellip;]<\/p>\n","protected":false},"author":28,"featured_media":0,"comment_status":"open","ping_status":"open","sticky":false,"template":"","format":"standard","meta":{"om_disable_all_campaigns":false,"_monsterinsights_skip_tracking":false,"_monsterinsights_sitenote_active":false,"_monsterinsights_sitenote_note":"","_monsterinsights_sitenote_category":0,"jnews-multi-image_gallery":[],"jnews_single_post":[],"jnews_primary_category":[],"footnotes":""},"categories":[],"tags":[],"class_list":["post-21579","post","type-post","status-publish","format-standard","hentry"],"aioseo_notices":[],"_links":{"self":[{"href":"https:\/\/estado29.mx\/index.php?rest_route=\/wp\/v2\/posts\/21579","targetHints":{"allow":["GET"]}}],"collection":[{"href":"https:\/\/estado29.mx\/index.php?rest_route=\/wp\/v2\/posts"}],"about":[{"href":"https:\/\/estado29.mx\/index.php?rest_route=\/wp\/v2\/types\/post"}],"author":[{"embeddable":true,"href":"https:\/\/estado29.mx\/index.php?rest_route=\/wp\/v2\/users\/28"}],"replies":[{"embeddable":true,"href":"https:\/\/estado29.mx\/index.php?rest_route=%2Fwp%2Fv2%2Fcomments&post=21579"}],"version-history":[{"count":1,"href":"https:\/\/estado29.mx\/index.php?rest_route=\/wp\/v2\/posts\/21579\/revisions"}],"predecessor-version":[{"id":21581,"href":"https:\/\/estado29.mx\/index.php?rest_route=\/wp\/v2\/posts\/21579\/revisions\/21581"}],"wp:attachment":[{"href":"https:\/\/estado29.mx\/index.php?rest_route=%2Fwp%2Fv2%2Fmedia&parent=21579"}],"wp:term":[{"taxonomy":"category","embeddable":true,"href":"https:\/\/estado29.mx\/index.php?rest_route=%2Fwp%2Fv2%2Fcategories&post=21579"},{"taxonomy":"post_tag","embeddable":true,"href":"https:\/\/estado29.mx\/index.php?rest_route=%2Fwp%2Fv2%2Ftags&post=21579"}],"curies":[{"name":"wp","href":"https:\/\/api.w.org\/{rel}","templated":true}]}}