{"id":21583,"date":"2017-08-11T11:24:15","date_gmt":"2017-08-11T16:24:15","guid":{"rendered":"http:\/\/estado29.mx\/?p=21583"},"modified":"2017-08-11T11:32:31","modified_gmt":"2017-08-11T16:32:31","slug":"huamantla-listo-recibir-a-visitantes-proximo-14-agosto","status":"publish","type":"post","link":"https:\/\/estado29.mx\/?p=21583","title":{"rendered":"Huamantla listo para recibir a visitantes el pr\u00f3ximo 14 de agosto."},"content":{"rendered":"<p>Victor Cort\u00e9s Ilhuicatzi, P\u00e1rroco de la Bas\u00edlica de Nuestra Se\u00f1ora de la Caridad en Huamantla, hizo la invitaci\u00f3n a todos los pobladores, para que este 14 de agosto, sean part\u00edcipes de las actividades que se tienen preparadas en honor a Nuestra Se\u00f1ora de la Caridad.<\/p>\n<p>En este sentido coment\u00f3 que &#8220;tenemos para el d\u00eda catorce de agosto pues, por la noche, a las cero horas, la concelebraci\u00f3n solemn\u00edsima para honrar a la sant\u00edsima Virgen Mar\u00eda, de la Caridad&#8221;.<\/p>\n<p>Refiri\u00f3 que en esta ocasi\u00f3n ser\u00e1 un obispo del estado de Puebla, quien oficiar\u00e1 la misa, previa al recorrido por las calles  &#8220;nos va a hacer el favor de presidir la concelebraci\u00f3n Monse\u00f1or Felipe Lorenzini y tambi\u00e9n dem\u00e1s sacerdotes, despues de la misa seguir\u00eda la procesi\u00f3n solemne, con la bendita imagen, de la sant\u00edsima virgen Mar\u00eda, por las calles debidamente adornadas como es costumbre&#8221;.<\/p>\n<p>Finalmente, hizo la invitaci\u00f3n a los pobladores a participar en las actividades que se tienen preparadas &#8220;invitamos a todas las personas a que vengan con nosotros a participar de esta solemnidad en honor a la virgen Mar\u00eda&#8221;.<\/p>\n","protected":false},"excerpt":{"rendered":"<p>Victor Cort\u00e9s Ilhuicatzi, P\u00e1rroco de la Bas\u00edlica de Nuestra Se\u00f1ora de la Caridad en Huamantla, hizo la invitaci\u00f3n a todos los pobladores, para que este 14 de agosto, sean part\u00edcipes de las actividades que se tienen preparadas en honor a Nuestra Se\u00f1ora de la Caridad. En este sentido coment\u00f3 que &#8220;tenemos para el d\u00eda catorce [&hellip;]<\/p>\n","protected":false},"author":22,"featured_media":0,"comment_status":"open","ping_status":"open","sticky":false,"template":"","format":"standard","meta":{"om_disable_all_campaigns":false,"_monsterinsights_skip_tracking":false,"_monsterinsights_sitenote_active":false,"_monsterinsights_sitenote_note":"","_monsterinsights_sitenote_category":0,"jnews-multi-image_gallery":[],"jnews_single_post":[],"jnews_primary_category":[],"footnotes":""},"categories":[],"tags":[],"class_list":["post-21583","post","type-post","status-publish","format-standard","hentry"],"aioseo_notices":[],"_links":{"self":[{"href":"https:\/\/estado29.mx\/index.php?rest_route=\/wp\/v2\/posts\/21583","targetHints":{"allow":["GET"]}}],"collection":[{"href":"https:\/\/estado29.mx\/index.php?rest_route=\/wp\/v2\/posts"}],"about":[{"href":"https:\/\/estado29.mx\/index.php?rest_route=\/wp\/v2\/types\/post"}],"author":[{"embeddable":true,"href":"https:\/\/estado29.mx\/index.php?rest_route=\/wp\/v2\/users\/22"}],"replies":[{"embeddable":true,"href":"https:\/\/estado29.mx\/index.php?rest_route=%2Fwp%2Fv2%2Fcomments&post=21583"}],"version-history":[{"count":2,"href":"https:\/\/estado29.mx\/index.php?rest_route=\/wp\/v2\/posts\/21583\/revisions"}],"predecessor-version":[{"id":21586,"href":"https:\/\/estado29.mx\/index.php?rest_route=\/wp\/v2\/posts\/21583\/revisions\/21586"}],"wp:attachment":[{"href":"https:\/\/estado29.mx\/index.php?rest_route=%2Fwp%2Fv2%2Fmedia&parent=21583"}],"wp:term":[{"taxonomy":"category","embeddable":true,"href":"https:\/\/estado29.mx\/index.php?rest_route=%2Fwp%2Fv2%2Fcategories&post=21583"},{"taxonomy":"post_tag","embeddable":true,"href":"https:\/\/estado29.mx\/index.php?rest_route=%2Fwp%2Fv2%2Ftags&post=21583"}],"curies":[{"name":"wp","href":"https:\/\/api.w.org\/{rel}","templated":true}]}}