{"id":21596,"date":"2017-08-11T16:00:54","date_gmt":"2017-08-11T21:00:54","guid":{"rendered":"http:\/\/estado29.mx\/?p=21596"},"modified":"2017-08-11T15:46:35","modified_gmt":"2017-08-11T20:46:35","slug":"apoya-pan-haya-cuentas-2016-aprobadas-salvedades","status":"publish","type":"post","link":"https:\/\/estado29.mx\/?p=21596","title":{"rendered":"Apoya PAN que no haya cuentas 2016 aprobadas con \u201csalvedades\u201d"},"content":{"rendered":"<p><strong><em>La propuesta est\u00e1 integrada en las bases del procedimiento interno para la dictaminaci\u00f3n de cuentas p\u00fablicas.<\/em><\/strong><\/p>\n<p>El coordinador del grupo parlamentario del Partido Acci\u00f3n Nacional (PAN) en el Congreso del estado, Carlos Morales Badillo, mostr\u00f3 su respaldo a la determinaci\u00f3n de la Comisi\u00f3n de Finanzas y Fiscalizaci\u00f3n para eliminar de la dictaminaci\u00f3n de las cuentas p\u00fablicas 2016 los criterios de aprobaci\u00f3n son salvedad y de gesti\u00f3n razonable, para dejarlo solo en aprobadas o reprobadas.<\/p>\n<p>En entrevista, coment\u00f3 que la diputada Guadalupe S\u00e1nchez Santiago es la representante de la fracci\u00f3n en la Comisi\u00f3n de Finanzas y Fiscalizaci\u00f3n, quien la pr\u00f3xima dar\u00e1 un informe respecto a los temas y acuerdos que han tomado con respecto a las cuentas p\u00fablicas del \u00faltimo trimestre del 2016 de los entes fiscalizables entre ellos presidentes municipales, poderes, y organismos descentralizados, entre otros.<\/p>\n<p>\u201cLa pr\u00f3xima semana vamos a tener una reuni\u00f3n para que nos den pormenores de los puntos que les hicieron llegar en la Comisi\u00f3n de Finanzas,\u00a0 ya derivado de que nos comente c\u00f3mo est\u00e1 la situaci\u00f3n con expresidentes municipales de las cuentas p\u00fablicas 2016 lo \u00fanico que nosotros vamos a hacer es hacer la revisi\u00f3n en algunos casos en especial las cuentas reprobadas y aquellas que tengan algunas salvedades que deban ser solventadas con la informaci\u00f3n a presentar al \u00d3rgano de Fiscalizaci\u00f3n Superior\u201d.<\/p>\n<p>En ese sentido, coment\u00f3 que el grupo parlamentario est\u00e1 a favor de que no existan estados financieros aprobados con salvedades o por gesti\u00f3n razonable como ocurri\u00f3 en la legislatura pasada, con lo que apoy\u00f3 la propuesta del presidente de la Comisi\u00f3n de Finanzas y Fiscalizaci\u00f3n del Congreso, Alberto Amaro Corona, de que \u00fanicamente se usen los criterios de aprobada y reprobada.<\/p>\n<p>\u201cYa se toc\u00f3 en la comisi\u00f3n y lo coment\u00e9 con la diputada S\u00e1nchez Santiago y estamos de acuerdo en que solo se usen esos dos aspectos, aprobadas o reprobadas, sin factores como salvedades,\u00a0 para que de esa manera est\u00e9n atentas las exautoridades de sus estados financieros\u201d, agreg\u00f3.<\/p>\n","protected":false},"excerpt":{"rendered":"<p>La propuesta est\u00e1 integrada en las bases del procedimiento interno para la dictaminaci\u00f3n de cuentas p\u00fablicas. El coordinador del grupo parlamentario del Partido Acci\u00f3n Nacional (PAN) en el Congreso del estado, Carlos Morales Badillo, mostr\u00f3 su respaldo a la determinaci\u00f3n de la Comisi\u00f3n de Finanzas y Fiscalizaci\u00f3n para eliminar de la dictaminaci\u00f3n de las cuentas [&hellip;]<\/p>\n","protected":false},"author":31,"featured_media":0,"comment_status":"open","ping_status":"open","sticky":false,"template":"","format":"standard","meta":{"om_disable_all_campaigns":false,"_monsterinsights_skip_tracking":false,"_monsterinsights_sitenote_active":false,"_monsterinsights_sitenote_note":"","_monsterinsights_sitenote_category":0,"jnews-multi-image_gallery":[],"jnews_single_post":[],"jnews_primary_category":[],"footnotes":""},"categories":[],"tags":[],"class_list":["post-21596","post","type-post","status-publish","format-standard","hentry"],"aioseo_notices":[],"_links":{"self":[{"href":"https:\/\/estado29.mx\/index.php?rest_route=\/wp\/v2\/posts\/21596","targetHints":{"allow":["GET"]}}],"collection":[{"href":"https:\/\/estado29.mx\/index.php?rest_route=\/wp\/v2\/posts"}],"about":[{"href":"https:\/\/estado29.mx\/index.php?rest_route=\/wp\/v2\/types\/post"}],"author":[{"embeddable":true,"href":"https:\/\/estado29.mx\/index.php?rest_route=\/wp\/v2\/users\/31"}],"replies":[{"embeddable":true,"href":"https:\/\/estado29.mx\/index.php?rest_route=%2Fwp%2Fv2%2Fcomments&post=21596"}],"version-history":[{"count":1,"href":"https:\/\/estado29.mx\/index.php?rest_route=\/wp\/v2\/posts\/21596\/revisions"}],"predecessor-version":[{"id":21597,"href":"https:\/\/estado29.mx\/index.php?rest_route=\/wp\/v2\/posts\/21596\/revisions\/21597"}],"wp:attachment":[{"href":"https:\/\/estado29.mx\/index.php?rest_route=%2Fwp%2Fv2%2Fmedia&parent=21596"}],"wp:term":[{"taxonomy":"category","embeddable":true,"href":"https:\/\/estado29.mx\/index.php?rest_route=%2Fwp%2Fv2%2Fcategories&post=21596"},{"taxonomy":"post_tag","embeddable":true,"href":"https:\/\/estado29.mx\/index.php?rest_route=%2Fwp%2Fv2%2Ftags&post=21596"}],"curies":[{"name":"wp","href":"https:\/\/api.w.org\/{rel}","templated":true}]}}