{"id":21599,"date":"2017-08-11T17:22:44","date_gmt":"2017-08-11T22:22:44","guid":{"rendered":"http:\/\/estado29.mx\/?p=21599"},"modified":"2017-08-13T09:43:02","modified_gmt":"2017-08-13T14:43:02","slug":"establecen-gobernador-sedatu-trabajo-coordinado-a-favor-del-campo-tlaxcalteca","status":"publish","type":"post","link":"https:\/\/estado29.mx\/?p=21599","title":{"rendered":"Establecen Gobernador y Sedatu trabajo coordinado a favor del campo tlaxcalteca"},"content":{"rendered":"<p><em>Se llevar\u00e1 un trabajo itinerante en la entidad, a fin de dar certeza jur\u00eddica a los trabajadores del campo<\/em><\/p>\n<p>El Gobernador,\u00a0 Marco Antonio Mena Rodr\u00edguez y Gustavo C\u00e1rdenas Monroy, Subsecretario de Desarrollo Agrario de la Secretar\u00eda de Desarrollo Agrario, Territorial y Urbano (Sedatu),\u00a0 asistieron a la quinta sesi\u00f3n ordinaria del\u00a0 Consejo Estatal en la materia en Tlaxcala, realizado en el municipio de Zacatelco, donde se estableci\u00f3 un trabajo coordinado a favor del campo tlaxcalteca.<\/p>\n<p>En entrevista, C\u00e1rdenas Monroy,\u00a0 dio a conocer que se llevar\u00e1 un trabajo itinerante en la entidad, a fin de dar certeza jur\u00eddica a los trabajadores del campo, as\u00ed como un avance importante a las familias dedicadas hacer producir las tierras de Tlaxcala.<br \/>\n&#8220;Tiene que ver con el fortalecimiento a la certeza jur\u00eddica, con la producci\u00f3n y productividad y tendremos que llevar a cabo una estrategia itinerante junto con el Gobierno del Estado&#8221;, indic\u00f3.<\/p>\n<p>Refiri\u00f3 que se realizar\u00e1 una capacitaci\u00f3n a los \u00f3rganos de representaci\u00f3n de cada uno de los n\u00facleos ejidales y efectuar\u00e1n audiencias agrarias de forma regional para que las personas no se trasladen a las oficinas de la capital del estado.<\/p>\n<p>&#8220;Es una justicia itinerante donde est\u00e1 el Tribunal, Procuradur\u00eda Agraria, registro agrario Nacional y las dependencias que tienen que ver con la producci\u00f3n y productividad, en este caso sumaremos aquellos que tienen programas sociales como la Sedesol y otros como econ\u00f3mica y Sagarpa&#8221;, detall\u00f3.<\/p>\n<p>Precis\u00f3 que deben llegar a 245 n\u00facleos agrarios y m\u00e1s de 70 mil sujetos agrarios en el Estado.<\/p>\n<p>Agreg\u00f3 que el presupuesto que se aplicar\u00e1 para esta acci\u00f3n est\u00e1 dentro los recursos asignados a las dependencias, tanto para gasto corriente, como inversi\u00f3n, donde tambi\u00e9n participan las Secretar\u00edas de Agricultura, Ganader\u00eda, Desarrollo Rural, Pesca y Alimentaci\u00f3n (Sagarpa), Desarrollo Social (Sedesol) y Econom\u00eda (SE).<\/p>\n<p>Aunado, resalt\u00f3 que es la primera vez que se lleva a cabo esta acci\u00f3n en Tlaxcala, esto como punto de partida del convenio modificatorio del Consejo Estatal de Desarrollo Agrario.<\/p>\n<p>\u201cEs un programa nacional, a trav\u00e9s de 32 consejos estatales de desarrollo agrario para atender a 32 mil n\u00facleos ejidales y m\u00e1s cinco millones de sujetos agrarios del pa\u00eds\u201d, precis\u00f3.<\/p>\n<p>Enfatiz\u00f3 que sin duda que los mayores problemas que van a atender son los conflictos agrarios, expropiaciones, certeza jur\u00eddica para que los sujetos tengan sus documentos, carpetas b\u00e1sicas de los ejidos, as\u00ed como entrar a programas sociales, por ello, es necesario que los campesinos tengan todo en orden, de lo contrario no ser\u00e1n favorecidos.<\/p>\n<p>En el caso conflictos entre ejidos que prevalecen en la entidad, destac\u00f3 es por medio de la Procuradur\u00eda Agraria (PA) que d\u00e9 una soluci\u00f3n.<\/p>\n<p>&#8220;Recuerden ustedes que la reforma del 92, al art\u00edculo 27 Constitucional creo la procuradur\u00eda agraria, los tribunales y registros en \u00f3rganos especiales, una ley especial a favor de los ejidatarios&#8221;.<\/p>\n<p>En el evento, el Mandatario, Marco Antonio Mena Rodr\u00edguez, se comprometi\u00f3, no solamente esmerarse en los programas productivos, sino que buscar\u00e1n m\u00e1s posibilidades para los campesinos para cada d\u00eda est\u00e9n mejor.<\/p>\n<p>\u201cHoy tenemos una muestra clar\u00edsima de c\u00f3mo podemos trabajar al respecto; se est\u00e1n entregando escrituras y se est\u00e1 dando certeza jur\u00eddica\u201d, expres\u00f3.<\/p>\n<p>&nbsp;<\/p>\n","protected":false},"excerpt":{"rendered":"<p>Se llevar\u00e1 un trabajo itinerante en la entidad, a fin de dar certeza jur\u00eddica a los trabajadores del campo El Gobernador,\u00a0 Marco Antonio Mena Rodr\u00edguez y Gustavo C\u00e1rdenas Monroy, Subsecretario de Desarrollo Agrario de la Secretar\u00eda de Desarrollo Agrario, Territorial y Urbano (Sedatu),\u00a0 asistieron a la quinta sesi\u00f3n ordinaria del\u00a0 Consejo Estatal en la materia [&hellip;]<\/p>\n","protected":false},"author":28,"featured_media":0,"comment_status":"open","ping_status":"open","sticky":false,"template":"","format":"standard","meta":{"om_disable_all_campaigns":false,"_monsterinsights_skip_tracking":false,"_monsterinsights_sitenote_active":false,"_monsterinsights_sitenote_note":"","_monsterinsights_sitenote_category":0,"jnews-multi-image_gallery":[],"jnews_single_post":[],"jnews_primary_category":[],"footnotes":""},"categories":[],"tags":[],"class_list":["post-21599","post","type-post","status-publish","format-standard","hentry"],"aioseo_notices":[],"_links":{"self":[{"href":"https:\/\/estado29.mx\/index.php?rest_route=\/wp\/v2\/posts\/21599","targetHints":{"allow":["GET"]}}],"collection":[{"href":"https:\/\/estado29.mx\/index.php?rest_route=\/wp\/v2\/posts"}],"about":[{"href":"https:\/\/estado29.mx\/index.php?rest_route=\/wp\/v2\/types\/post"}],"author":[{"embeddable":true,"href":"https:\/\/estado29.mx\/index.php?rest_route=\/wp\/v2\/users\/28"}],"replies":[{"embeddable":true,"href":"https:\/\/estado29.mx\/index.php?rest_route=%2Fwp%2Fv2%2Fcomments&post=21599"}],"version-history":[{"count":2,"href":"https:\/\/estado29.mx\/index.php?rest_route=\/wp\/v2\/posts\/21599\/revisions"}],"predecessor-version":[{"id":21605,"href":"https:\/\/estado29.mx\/index.php?rest_route=\/wp\/v2\/posts\/21599\/revisions\/21605"}],"wp:attachment":[{"href":"https:\/\/estado29.mx\/index.php?rest_route=%2Fwp%2Fv2%2Fmedia&parent=21599"}],"wp:term":[{"taxonomy":"category","embeddable":true,"href":"https:\/\/estado29.mx\/index.php?rest_route=%2Fwp%2Fv2%2Fcategories&post=21599"},{"taxonomy":"post_tag","embeddable":true,"href":"https:\/\/estado29.mx\/index.php?rest_route=%2Fwp%2Fv2%2Ftags&post=21599"}],"curies":[{"name":"wp","href":"https:\/\/api.w.org\/{rel}","templated":true}]}}