{"id":21627,"date":"2017-08-14T06:35:32","date_gmt":"2017-08-14T11:35:32","guid":{"rendered":"http:\/\/estado29.mx\/?p=21627"},"modified":"2017-08-13T18:26:11","modified_gmt":"2017-08-13T23:26:11","slug":"esporadicos-operativos-trata-en-tenancingo-considera-alcalde","status":"publish","type":"post","link":"https:\/\/estado29.mx\/?p=21627","title":{"rendered":"\u2018Espor\u00e1dicos\u2019 operativos por trata en Tenancingo, considera alcalde"},"content":{"rendered":"<p><strong>\u00a0<\/strong><strong><em>Daniel Mart\u00ednez, minimiz\u00f3 la introducci\u00f3n de fuerzas federales a la comuna para capturar a ocho personas relacionadas con la trata de personas.<\/em><\/strong><\/p>\n<p>El presidente municipal de Tenancingo, Daniel Mart\u00ednez Serrano, declar\u00f3 que los operativos de fuerzas federales en la demarcaci\u00f3n para capturar a personas relacionadas con redes de trata con fines de explotaci\u00f3n sexual y liberar a v\u00edctimas de ese delito, son \u2018espor\u00e1dicos\u2019 como los que se llevan a cabo en otros municipios del estado.<\/p>\n<p>As\u00ed lo consider\u00f3 a pesar de que en los \u00faltimos 10 meses se han registrado al menos tres operativos donde participaron la Procuradur\u00eda General de la Rep\u00fablica (PGR), la Secretar\u00eda de la Defensa Nacional (Sedena), as\u00ed como el Bur\u00f3 Federal de Investigaciones (FBI) y de la Organizaci\u00f3n Internacional de Polic\u00eda Criminal (INTERPOL) de Estados Unidos, uno de los m\u00e1s recientes la madrugada del jueves donde rescataron a tres v\u00edctimas del delito de trata de personas con fines de explotaci\u00f3n sexual y aseguraron a ocho personas, tres mujeres y cinco hombres, integrantes de una red dedicada a ese delito.<\/p>\n<p>No obstante, el alcalde dijo desconocer sobre ese operativo incluso los resultados que hubo, solo se limit\u00f3 a contestar que son eventos espor\u00e1dicos y que se presentan de acuerdo a las circunstancias.<\/p>\n<p>Por otro lado, dijo que la comisi\u00f3n del delito de trata de personas en la demarcaci\u00f3n ha \u201cdisminuido en gran medida\u201d lo que atribuy\u00f3 a un cambio en la forma de pensar de la gente, y las acciones que los gobiernos estatal y federal han realizado en el combate de la trata de personas, con lo que se ha observado una disminuci\u00f3n en la comisi\u00f3n de ese delito aunque no especific\u00f3 un porcentaje.<\/p>\n<p>\u201cLa gente ha comenzado a cambiar su forma de pensar, en base a decisiones que el tambi\u00e9n el mismo gobierno ha tomado en el asunto del estigma, ha disminuido mucho ese asunto de manera paulatina, no puedo hablar de un porcentaje pero si en gran medida. Tan es as\u00ed que otros municipios han incrementado su incidencia en ese tema\u201d, declar\u00f3.<\/p>\n<p>Agreg\u00f3 que en \u00a0Tenancingo se ha implementado junto, con el Gobierno del Estado, pl\u00e1ticas en las escuelas de nivel b\u00e1sico y media superior sobre el tema de trata de personas a modo de prevenci\u00f3n.<\/p>\n","protected":false},"excerpt":{"rendered":"<p>\u00a0Daniel Mart\u00ednez, minimiz\u00f3 la introducci\u00f3n de fuerzas federales a la comuna para capturar a ocho personas relacionadas con la trata de personas. El presidente municipal de Tenancingo, Daniel Mart\u00ednez Serrano, declar\u00f3 que los operativos de fuerzas federales en la demarcaci\u00f3n para capturar a personas relacionadas con redes de trata con fines de explotaci\u00f3n sexual y [&hellip;]<\/p>\n","protected":false},"author":31,"featured_media":0,"comment_status":"open","ping_status":"open","sticky":false,"template":"","format":"standard","meta":{"om_disable_all_campaigns":false,"_monsterinsights_skip_tracking":false,"_monsterinsights_sitenote_active":false,"_monsterinsights_sitenote_note":"","_monsterinsights_sitenote_category":0,"jnews-multi-image_gallery":[],"jnews_single_post":[],"jnews_primary_category":[],"footnotes":""},"categories":[],"tags":[],"class_list":["post-21627","post","type-post","status-publish","format-standard","hentry"],"aioseo_notices":[],"_links":{"self":[{"href":"https:\/\/estado29.mx\/index.php?rest_route=\/wp\/v2\/posts\/21627","targetHints":{"allow":["GET"]}}],"collection":[{"href":"https:\/\/estado29.mx\/index.php?rest_route=\/wp\/v2\/posts"}],"about":[{"href":"https:\/\/estado29.mx\/index.php?rest_route=\/wp\/v2\/types\/post"}],"author":[{"embeddable":true,"href":"https:\/\/estado29.mx\/index.php?rest_route=\/wp\/v2\/users\/31"}],"replies":[{"embeddable":true,"href":"https:\/\/estado29.mx\/index.php?rest_route=%2Fwp%2Fv2%2Fcomments&post=21627"}],"version-history":[{"count":1,"href":"https:\/\/estado29.mx\/index.php?rest_route=\/wp\/v2\/posts\/21627\/revisions"}],"predecessor-version":[{"id":21628,"href":"https:\/\/estado29.mx\/index.php?rest_route=\/wp\/v2\/posts\/21627\/revisions\/21628"}],"wp:attachment":[{"href":"https:\/\/estado29.mx\/index.php?rest_route=%2Fwp%2Fv2%2Fmedia&parent=21627"}],"wp:term":[{"taxonomy":"category","embeddable":true,"href":"https:\/\/estado29.mx\/index.php?rest_route=%2Fwp%2Fv2%2Fcategories&post=21627"},{"taxonomy":"post_tag","embeddable":true,"href":"https:\/\/estado29.mx\/index.php?rest_route=%2Fwp%2Fv2%2Ftags&post=21627"}],"curies":[{"name":"wp","href":"https:\/\/api.w.org\/{rel}","templated":true}]}}