{"id":21638,"date":"2017-08-14T16:19:12","date_gmt":"2017-08-14T21:19:12","guid":{"rendered":"http:\/\/estado29.mx\/?p=21638"},"modified":"2017-08-14T19:21:13","modified_gmt":"2017-08-15T00:21:13","slug":"inaugura-humberto-macias-feria-artesanal-en-santa-maria-tocatlan","status":"publish","type":"post","link":"https:\/\/estado29.mx\/?p=21638","title":{"rendered":"Inaugura Humberto Mac\u00edas, Feria Artesanal en Santa Mar\u00eda Tocatl\u00e1n."},"content":{"rendered":"<p>Este lunes 14 de agosto, se llev\u00f3 a cabo la inauguraci\u00f3n de la feria artesanal y agropecuaria, en el municipio de Santa Mar\u00eda Tocatl\u00e1n, esto en el marco de su feria 2017.<\/p>\n<p><img loading=\"lazy\" decoding=\"async\" src=\"http:\/\/estado29.mx\/wp-content\/uploads\/2017\/08\/humberto2-300x225.jpg\" alt=\"\" width=\"300\" height=\"225\" class=\"alignnone size-medium wp-image-21657\" \/><\/p>\n<p>Jos\u00e9 del Carmen Hern\u00e1ndez Morales, Presidente Municipal, asegur\u00f3 que estas acciones son con el objetivo de  dar a conocer la identidad del estado de Tlaxcala &#8220;hoy estamos inaugurando una feria artesanal de diferentes municipios que est\u00e1n haciendo presencia, lo mismo de ac\u00e1, con motivo de la feria del municipio, que es el d\u00eda 15 de agosto, y veneramios a la Virgen de la Asunci\u00f3n, tambi\u00e9n se celebra la feria en cuesti\u00f3n al municipio que se celebra Santa Mar\u00eda Tocatl\u00e1n, con un significado en N\u00e1huatl, que es (T\u00f3catl) que significa (Lugar) y (Tl\u00e1n) es (ara\u00f1a), entonces es lugar de ara\u00f1as&#8221;.<\/p>\n<p>&#8220;nosotros lo estamos haciendo para promover y de alguna forma, proyectar la artesan\u00eda del estado de Tlaxcala, los municipios que est\u00e1n participando son San Pablo Apetatitl\u00e1n, Ixtenco, Santa Ana, San Pablo del Monte, Ixtacuixtla, Mu\u00f1oz de Domingo Arenas y algunos otros municipios que est\u00e1n haciendo presencia&#8221;.<\/p>\n<p><img loading=\"lazy\" decoding=\"async\" src=\"http:\/\/estado29.mx\/wp-content\/uploads\/2017\/08\/humberto-5-225x300.jpg\" alt=\"\" width=\"225\" height=\"300\" class=\"alignnone size-medium wp-image-21659\" \/><\/p>\n<p>Por su parte, Humberto Mac\u00edas Romero, asegur\u00f3 que continuar\u00e1 brindando apoyo e impulso a productores y artesanos &#8220;hoy inauguramos una expo artesanal, en el marco de la feria de Tocatl\u00e1n 2017, yo agradezco mucho, primero al presidente municipal y su cabildo que nos han hecho la invitaci\u00f3n a este evento que es de gente que tiene el don de realmente hacer algo, con lo que tenemos en nuestra tierra y eso creo que es muy relevante, que hay gente que lo sepa hacer, pero m\u00e1s importante, que se difunda y que haya gente que se de cuenta que esto  se hace en Tlaxcala&#8221;.<\/p>\n<p><img loading=\"lazy\" decoding=\"async\" src=\"http:\/\/estado29.mx\/wp-content\/uploads\/2017\/08\/humberto6-300x225.jpg\" alt=\"\" width=\"300\" height=\"225\" class=\"alignnone size-medium wp-image-21660\" \/><\/p>\n<p>Finalmente dijo sentirse orgulloso de participar en dicho evento y proceder al corte de list\u00f3n &#8220;estoy muy orgulloso y agradecido de que nos hayan invitado a inaugurar esta feria artesanal y sin duda, felicitar a la gente de Tocatl\u00e1n&#8221;.<\/p>\n","protected":false},"excerpt":{"rendered":"<p>Este lunes 14 de agosto, se llev\u00f3 a cabo la inauguraci\u00f3n de la feria artesanal y agropecuaria, en el municipio de Santa Mar\u00eda Tocatl\u00e1n, esto en el marco de su feria 2017. Jos\u00e9 del Carmen Hern\u00e1ndez Morales, Presidente Municipal, asegur\u00f3 que estas acciones son con el objetivo de dar a conocer la identidad del estado [&hellip;]<\/p>\n","protected":false},"author":22,"featured_media":0,"comment_status":"open","ping_status":"open","sticky":false,"template":"","format":"standard","meta":{"om_disable_all_campaigns":false,"_monsterinsights_skip_tracking":false,"_monsterinsights_sitenote_active":false,"_monsterinsights_sitenote_note":"","_monsterinsights_sitenote_category":0,"jnews-multi-image_gallery":[],"jnews_single_post":[],"jnews_primary_category":[],"footnotes":""},"categories":[],"tags":[],"class_list":["post-21638","post","type-post","status-publish","format-standard","hentry"],"aioseo_notices":[],"_links":{"self":[{"href":"https:\/\/estado29.mx\/index.php?rest_route=\/wp\/v2\/posts\/21638","targetHints":{"allow":["GET"]}}],"collection":[{"href":"https:\/\/estado29.mx\/index.php?rest_route=\/wp\/v2\/posts"}],"about":[{"href":"https:\/\/estado29.mx\/index.php?rest_route=\/wp\/v2\/types\/post"}],"author":[{"embeddable":true,"href":"https:\/\/estado29.mx\/index.php?rest_route=\/wp\/v2\/users\/22"}],"replies":[{"embeddable":true,"href":"https:\/\/estado29.mx\/index.php?rest_route=%2Fwp%2Fv2%2Fcomments&post=21638"}],"version-history":[{"count":4,"href":"https:\/\/estado29.mx\/index.php?rest_route=\/wp\/v2\/posts\/21638\/revisions"}],"predecessor-version":[{"id":21687,"href":"https:\/\/estado29.mx\/index.php?rest_route=\/wp\/v2\/posts\/21638\/revisions\/21687"}],"wp:attachment":[{"href":"https:\/\/estado29.mx\/index.php?rest_route=%2Fwp%2Fv2%2Fmedia&parent=21638"}],"wp:term":[{"taxonomy":"category","embeddable":true,"href":"https:\/\/estado29.mx\/index.php?rest_route=%2Fwp%2Fv2%2Fcategories&post=21638"},{"taxonomy":"post_tag","embeddable":true,"href":"https:\/\/estado29.mx\/index.php?rest_route=%2Fwp%2Fv2%2Ftags&post=21638"}],"curies":[{"name":"wp","href":"https:\/\/api.w.org\/{rel}","templated":true}]}}