{"id":21640,"date":"2017-08-14T16:20:44","date_gmt":"2017-08-14T21:20:44","guid":{"rendered":"http:\/\/estado29.mx\/?p=21640"},"modified":"2017-08-14T16:27:28","modified_gmt":"2017-08-14T21:27:28","slug":"inician-proyecciones-video-mapping-este-15-agosto","status":"publish","type":"post","link":"https:\/\/estado29.mx\/?p=21640","title":{"rendered":"Inician proyecciones de V\u00eddeo Mapping este 15 de agosto."},"content":{"rendered":"<p>Mar\u00eda del Roc\u00edo P\u00e9rez Ju\u00e1rez, Directora de Turismo en Huamantla, asegur\u00f3 que a partir de \u00e9ste martes 15 de agosto del a\u00f1o en curso, dar\u00e1n inicio las proyecciones de v\u00eddeo mapping en el municipio.<\/p>\n<p>En este sentido, mencion\u00f3 que se tiene previsto realizar proyecciones hasta el 19 de agosto&#8221;Las proyecciones de v\u00eddo mapping dar\u00e1n inicio el 15 de agosto, el 15, 16, 17, 18 y 19 de agosto&#8221;.<\/p>\n<p>Coment\u00f3 que las proyecciones nos se contemplaron para hoy 14 de agosto debido a los tapetes que se confeccionan para el recorrido de la Virgen de la Caridad, mismo que se confeccionan frente a la presidencia municipal &#8220;Precisamente, no se hace el 14 porque bueno, est\u00e1n los tapetes al frente del palacio, va a estar esta orquesta, y se tiene otra planeaci\u00f3n&#8221;.<\/p>\n<p>Para finalizar estim\u00f3 que se realicen tres proyecciones por d\u00eda, abarcando un horario de 9 a 10 de la noche &#8220;Pero el v\u00eddeo mapping ya estar\u00e1 en marcha de nuevo, los vamos a poder disfrutar nuevamente, a partir de las 21 a 22 horas, sabemos que son proyecciones cortas, entonces vamos a tener de dos a tres proyecciones, que pueden disfrutar&#8221;.<\/p>\n","protected":false},"excerpt":{"rendered":"<p>Mar\u00eda del Roc\u00edo P\u00e9rez Ju\u00e1rez, Directora de Turismo en Huamantla, asegur\u00f3 que a partir de \u00e9ste martes 15 de agosto del a\u00f1o en curso, dar\u00e1n inicio las proyecciones de v\u00eddeo mapping en el municipio. En este sentido, mencion\u00f3 que se tiene previsto realizar proyecciones hasta el 19 de agosto&#8221;Las proyecciones de v\u00eddo mapping dar\u00e1n inicio [&hellip;]<\/p>\n","protected":false},"author":22,"featured_media":0,"comment_status":"open","ping_status":"open","sticky":false,"template":"","format":"standard","meta":{"om_disable_all_campaigns":false,"_monsterinsights_skip_tracking":false,"_monsterinsights_sitenote_active":false,"_monsterinsights_sitenote_note":"","_monsterinsights_sitenote_category":0,"jnews-multi-image_gallery":[],"jnews_single_post":[],"jnews_primary_category":[],"footnotes":""},"categories":[],"tags":[],"class_list":["post-21640","post","type-post","status-publish","format-standard","hentry"],"aioseo_notices":[],"_links":{"self":[{"href":"https:\/\/estado29.mx\/index.php?rest_route=\/wp\/v2\/posts\/21640","targetHints":{"allow":["GET"]}}],"collection":[{"href":"https:\/\/estado29.mx\/index.php?rest_route=\/wp\/v2\/posts"}],"about":[{"href":"https:\/\/estado29.mx\/index.php?rest_route=\/wp\/v2\/types\/post"}],"author":[{"embeddable":true,"href":"https:\/\/estado29.mx\/index.php?rest_route=\/wp\/v2\/users\/22"}],"replies":[{"embeddable":true,"href":"https:\/\/estado29.mx\/index.php?rest_route=%2Fwp%2Fv2%2Fcomments&post=21640"}],"version-history":[{"count":3,"href":"https:\/\/estado29.mx\/index.php?rest_route=\/wp\/v2\/posts\/21640\/revisions"}],"predecessor-version":[{"id":21668,"href":"https:\/\/estado29.mx\/index.php?rest_route=\/wp\/v2\/posts\/21640\/revisions\/21668"}],"wp:attachment":[{"href":"https:\/\/estado29.mx\/index.php?rest_route=%2Fwp%2Fv2%2Fmedia&parent=21640"}],"wp:term":[{"taxonomy":"category","embeddable":true,"href":"https:\/\/estado29.mx\/index.php?rest_route=%2Fwp%2Fv2%2Fcategories&post=21640"},{"taxonomy":"post_tag","embeddable":true,"href":"https:\/\/estado29.mx\/index.php?rest_route=%2Fwp%2Fv2%2Ftags&post=21640"}],"curies":[{"name":"wp","href":"https:\/\/api.w.org\/{rel}","templated":true}]}}