{"id":21650,"date":"2017-08-14T15:20:36","date_gmt":"2017-08-14T20:20:36","guid":{"rendered":"http:\/\/estado29.mx\/?p=21650"},"modified":"2017-08-14T15:06:04","modified_gmt":"2017-08-14T20:06:04","slug":"presenta-ejecutivo-la-creacion-del-instituto-profesionalizacion-docente-tlaxcala","status":"publish","type":"post","link":"https:\/\/estado29.mx\/?p=21650","title":{"rendered":"Presenta Ejecutivo la creaci\u00f3n del Instituto de Profesionalizaci\u00f3n Docente de Tlaxcala"},"content":{"rendered":"<p>&nbsp;<\/p>\n<p><em>Su mensaje se concentr\u00f3 en que la educaci\u00f3n es la principal forma de evitar la desigualdad<\/em><\/p>\n<p><em>\u00a0<\/em><\/p>\n<p>Al presentarse la creaci\u00f3n del Instituto de Profesionalizaci\u00f3n Docente de Tlaxcala, este lunes, el Gobernador Marco Antonio Mena Rodr\u00edguez asever\u00f3 que est\u00e1 convencido del efecto positivo que puede lograr un buen maestro en la mente de los j\u00f3venes.<\/p>\n<p>&nbsp;<\/p>\n<p>Lo anterior, lo dio a conocer ante los representantes del Sindicato Nacional de Trabajadores de la Educaci\u00f3n (Snte), secci\u00f3n 31 y 55 en Tlaxcala, Demetrio Rivas Corona y Enrique Mel\u00e9ndez Mel\u00e9ndez, respectivamente.<\/p>\n<p>&nbsp;<\/p>\n<p>Asimismo, ante coordinadores parlamentarios del Congreso Local, donde su mensaje se concentr\u00f3 en que la educaci\u00f3n es la principal forma de evitar la desigualdad, para que los estudiantes no solamente aprendan a aprender, sino que, al hacerlo, en Tlaxcala se genere una sociedad m\u00e1s pareja y ser as\u00ed ejemplo nacional.<\/p>\n<p>&nbsp;<\/p>\n<p>En el centro de convenciones, Mena Rodr\u00edguez refiri\u00f3 que la educaci\u00f3n se presenta como una opci\u00f3n para progresar, situaci\u00f3n que asume con responsabilidad por el efecto positivo y posibilidades de crecimiento que genera en las personas y las sociedades.<\/p>\n<p>&nbsp;<\/p>\n<p>Al tiempo, reconoci\u00f3 el trabajo coordinado en beneficio de Tlaxcala que impulsan Juan D\u00edaz de la Torre, presidente nacional del Snte, y Luis Castro Obreg\u00f3n, Secretario General del SNTE y Presidente del Partido Nueva Alianza, respectivamente, quienes fortalecen la actividad de los maestros en todo el pa\u00eds.<\/p>\n<p>&nbsp;<\/p>\n<p>\u201cEl Presidente Enrique Pe\u00f1a Nieto, en sus reformas de transformaci\u00f3n de M\u00e9xico, coloc\u00f3 a la Reforma Educativa como una de las m\u00e1s profundas y de mayor impacto; es un trabajo que va a tener una repercusi\u00f3n por d\u00e9cadas y un efecto positivo que aqu\u00ed en Tlaxcala vamos a aprovechar\u201d, recalc\u00f3.<\/p>\n<p>&nbsp;<\/p>\n<p>&nbsp;<\/p>\n<p>En su oportunidad, Sandra Corona Padilla, Coordinadora Parlamentaria del Partido Nueva Alianza en el Congreso del Estado, explic\u00f3 que el objetivo del Instituto de Profesionalizaci\u00f3n Docente es dise\u00f1ar, planear, ejecutar, evaluar y proponer estrategias acad\u00e9micas de trabajo orientadas a la capacitaci\u00f3n y actualizaci\u00f3n de maestros de nivel b\u00e1sico, medio superior y superior.<\/p>\n<p>&nbsp;<\/p>\n<p>De este modo, en pr\u00f3ximos d\u00edas se presentar\u00e1 la Iniciativa con Proyecto de Decreto por el que se reforma la fracci\u00f3n 23 y se adiciona la fracci\u00f3n 24 del art\u00edculo 11 de la Ley de Educaci\u00f3n del Estado de Tlaxcala.<\/p>\n<p>&nbsp;<\/p>\n<p>Esta propuesta cuenta con una visi\u00f3n de desarrollo profesional integral e incluyente, a trav\u00e9s de un equipo acad\u00e9mico de perfiles profesionales que garantiza que el Instituto cumplir\u00e1 con su objetivo para responder a las demandas de maestras y maestros de la entidad.<\/p>\n<p>&nbsp;<\/p>\n<p>En el evento estuvieron Anabel Alvarado Varela, Secretaria de Gobierno; Manuel Camacho Higareda, Secretario de Educaci\u00f3n P\u00fablica; el Diputado Mariano Gonz\u00e1lez Aguirre, Coordinador del Grupo Parlamentario del PRI en el Congreso Local; el Diputado J Carmen Corona P\u00e9rez, Presidente de la Comisi\u00f3n de Educaci\u00f3n, Cultura, Ciencia y Tecnolog\u00eda del Congreso del Estado.<\/p>\n<p>&nbsp;<\/p>\n","protected":false},"excerpt":{"rendered":"<p>&nbsp; Su mensaje se concentr\u00f3 en que la educaci\u00f3n es la principal forma de evitar la desigualdad \u00a0 Al presentarse la creaci\u00f3n del Instituto de Profesionalizaci\u00f3n Docente de Tlaxcala, este lunes, el Gobernador Marco Antonio Mena Rodr\u00edguez asever\u00f3 que est\u00e1 convencido del efecto positivo que puede lograr un buen maestro en la mente de los [&hellip;]<\/p>\n","protected":false},"author":28,"featured_media":0,"comment_status":"open","ping_status":"open","sticky":false,"template":"","format":"standard","meta":{"om_disable_all_campaigns":false,"_monsterinsights_skip_tracking":false,"_monsterinsights_sitenote_active":false,"_monsterinsights_sitenote_note":"","_monsterinsights_sitenote_category":0,"jnews-multi-image_gallery":[],"jnews_single_post":[],"jnews_primary_category":[],"footnotes":""},"categories":[],"tags":[],"class_list":["post-21650","post","type-post","status-publish","format-standard","hentry"],"aioseo_notices":[],"_links":{"self":[{"href":"https:\/\/estado29.mx\/index.php?rest_route=\/wp\/v2\/posts\/21650","targetHints":{"allow":["GET"]}}],"collection":[{"href":"https:\/\/estado29.mx\/index.php?rest_route=\/wp\/v2\/posts"}],"about":[{"href":"https:\/\/estado29.mx\/index.php?rest_route=\/wp\/v2\/types\/post"}],"author":[{"embeddable":true,"href":"https:\/\/estado29.mx\/index.php?rest_route=\/wp\/v2\/users\/28"}],"replies":[{"embeddable":true,"href":"https:\/\/estado29.mx\/index.php?rest_route=%2Fwp%2Fv2%2Fcomments&post=21650"}],"version-history":[{"count":1,"href":"https:\/\/estado29.mx\/index.php?rest_route=\/wp\/v2\/posts\/21650\/revisions"}],"predecessor-version":[{"id":21652,"href":"https:\/\/estado29.mx\/index.php?rest_route=\/wp\/v2\/posts\/21650\/revisions\/21652"}],"wp:attachment":[{"href":"https:\/\/estado29.mx\/index.php?rest_route=%2Fwp%2Fv2%2Fmedia&parent=21650"}],"wp:term":[{"taxonomy":"category","embeddable":true,"href":"https:\/\/estado29.mx\/index.php?rest_route=%2Fwp%2Fv2%2Fcategories&post=21650"},{"taxonomy":"post_tag","embeddable":true,"href":"https:\/\/estado29.mx\/index.php?rest_route=%2Fwp%2Fv2%2Ftags&post=21650"}],"curies":[{"name":"wp","href":"https:\/\/api.w.org\/{rel}","templated":true}]}}