{"id":21654,"date":"2017-08-14T16:00:57","date_gmt":"2017-08-14T21:00:57","guid":{"rendered":"http:\/\/estado29.mx\/?p=21654"},"modified":"2017-08-14T15:54:06","modified_gmt":"2017-08-14T20:54:06","slug":"establece-pan-dialogo-partidos-conformar-frente-amplio-opositor","status":"publish","type":"post","link":"https:\/\/estado29.mx\/?p=21654","title":{"rendered":"Establece PAN di\u00e1logo con partidos para conformar frente amplio opositor"},"content":{"rendered":"<p><strong><em>Carlos Carre\u00f3n declar\u00f3 que existe disposici\u00f3n del PRD y PAN para trabajar juntos rumbo al 2018. <\/em><\/strong><\/p>\n<p>Acci\u00f3n Nacional (PAN) ya inici\u00f3 acercamientos con los Partidos Alianza Ciudadana (PAC) y Movimiento Ciudadano (MC), para conformar el frente amplio opositor junto con el Partido de la Revoluci\u00f3n Democr\u00e1tica (PRD) rumbo al proceso electoral del pr\u00f3ximo a\u00f1o, as\u00ed lo revel\u00f3 Carlos Carre\u00f3n Mej\u00eda\u00a0 dirigente estatal del instituto pol\u00edtico albiazul.<\/p>\n<p>Entrevistado al respecto, el \u00a0presidente del Comit\u00e9 Directivo Estatal (CDE) del PAN \u00a0declar\u00f3 que el di\u00e1logo que inici\u00f3 con los\u00a0 institutos pol\u00edticos ha sido de manera informal debido a que en Tlaxcala a\u00fan no se emite un calendario electoral que establezca los plazos para definir las alianzas para el proceso comicial del 2018.<\/p>\n<p>No obstante, el dirigente estatal dijo \u201cestamos trabajando con algunas fuerzas pol\u00edticas, entre ellas el PRD y el Partido Alianza Ciudadana (PAC) y algunas otras, todav\u00eda no de manera formal pues estamos en espera de que arranque el proceso electoral, en el tema federal ya se est\u00e1 haciendo pero en lo local aun no porque todav\u00eda no lo marca el calendario electoral, pero de manera informal ya lo estamos haciendo\u201d.<\/p>\n<p>En ese sentido agreg\u00f3 que tambi\u00e9n ha tenido acercamiento con el Partido Nueva Alianza\u00a0 para definir su participaci\u00f3n en la integraci\u00f3n del frente amplio opositor, y en los pr\u00f3ximos d\u00edas habr\u00e1 otras reuniones con los dem\u00e1s institutos pol\u00edticos con registro local y nacional.<\/p>\n<p>\u201cLa realidad es que si va a prosperar aqu\u00ed en el estado tanto el PRD como nosotros tenemos toda la disposici\u00f3n, ya el PAC est\u00e1 en esas pl\u00e1ticas estamos hablando con otros partidos esperamos ya pronto darles noticias formales\u201d, agreg\u00f3 Carlos Carre\u00f3n.<\/p>\n<p>Por otro lado, agreg\u00f3 que rumbo al 2018 el PAN est\u00e1 trabajando en los 15 distritos electorales para contar con los mejores perfiles para definir candidatos a los diferentes puestos de elecci\u00f3n popular que estar\u00e1n en juego en el 2018 y representen a Acci\u00f3n Nacional.<\/p>\n","protected":false},"excerpt":{"rendered":"<p>Carlos Carre\u00f3n declar\u00f3 que existe disposici\u00f3n del PRD y PAN para trabajar juntos rumbo al 2018. Acci\u00f3n Nacional (PAN) ya inici\u00f3 acercamientos con los Partidos Alianza Ciudadana (PAC) y Movimiento Ciudadano (MC), para conformar el frente amplio opositor junto con el Partido de la Revoluci\u00f3n Democr\u00e1tica (PRD) rumbo al proceso electoral del pr\u00f3ximo a\u00f1o, as\u00ed [&hellip;]<\/p>\n","protected":false},"author":31,"featured_media":0,"comment_status":"open","ping_status":"open","sticky":false,"template":"","format":"standard","meta":{"om_disable_all_campaigns":false,"_monsterinsights_skip_tracking":false,"_monsterinsights_sitenote_active":false,"_monsterinsights_sitenote_note":"","_monsterinsights_sitenote_category":0,"jnews-multi-image_gallery":[],"jnews_single_post":[],"jnews_primary_category":[],"footnotes":""},"categories":[],"tags":[],"class_list":["post-21654","post","type-post","status-publish","format-standard","hentry"],"aioseo_notices":[],"_links":{"self":[{"href":"https:\/\/estado29.mx\/index.php?rest_route=\/wp\/v2\/posts\/21654","targetHints":{"allow":["GET"]}}],"collection":[{"href":"https:\/\/estado29.mx\/index.php?rest_route=\/wp\/v2\/posts"}],"about":[{"href":"https:\/\/estado29.mx\/index.php?rest_route=\/wp\/v2\/types\/post"}],"author":[{"embeddable":true,"href":"https:\/\/estado29.mx\/index.php?rest_route=\/wp\/v2\/users\/31"}],"replies":[{"embeddable":true,"href":"https:\/\/estado29.mx\/index.php?rest_route=%2Fwp%2Fv2%2Fcomments&post=21654"}],"version-history":[{"count":1,"href":"https:\/\/estado29.mx\/index.php?rest_route=\/wp\/v2\/posts\/21654\/revisions"}],"predecessor-version":[{"id":21655,"href":"https:\/\/estado29.mx\/index.php?rest_route=\/wp\/v2\/posts\/21654\/revisions\/21655"}],"wp:attachment":[{"href":"https:\/\/estado29.mx\/index.php?rest_route=%2Fwp%2Fv2%2Fmedia&parent=21654"}],"wp:term":[{"taxonomy":"category","embeddable":true,"href":"https:\/\/estado29.mx\/index.php?rest_route=%2Fwp%2Fv2%2Fcategories&post=21654"},{"taxonomy":"post_tag","embeddable":true,"href":"https:\/\/estado29.mx\/index.php?rest_route=%2Fwp%2Fv2%2Ftags&post=21654"}],"curies":[{"name":"wp","href":"https:\/\/api.w.org\/{rel}","templated":true}]}}