{"id":21674,"date":"2017-08-15T06:00:18","date_gmt":"2017-08-15T11:00:18","guid":{"rendered":"http:\/\/estado29.mx\/?p=21674"},"modified":"2017-08-15T08:23:52","modified_gmt":"2017-08-15T13:23:52","slug":"transfugas-variopintos-los-aspirantes-morena-en-distrito-01","status":"publish","type":"post","link":"https:\/\/estado29.mx\/?p=21674","title":{"rendered":"Tr\u00e1nsfugas y variopintos los aspirantes de Morena en el distrito 01"},"content":{"rendered":"<p>Del PRI, PVEM, PRD y hasta de la estructura gubernamental podr\u00eda salir el candidato de Morena al distrito federal 01. Aunque la cobija o manto protector de Andr\u00e9s Manuel L\u00f3pez Obrador no alcanzar\u00e1 para calentar ni para cubrir a todos los tr\u00e1nsfugas y\u00a0 aspirantes a un cargo de elecci\u00f3n popular, muchos son los tiradores para la postulaci\u00f3n a diputado federal por el distrito 01.<\/p>\n<p>De acuerdo con cifras preliminares son m\u00e1s de 10 los aspirantes a esa nominaci\u00f3n de Morena, algunos con menos posibilidades que otros, pero todos con el sue\u00f1o de que ser\u00e1n ungidos candidatos y a la postre, ser\u00e1n los nuevos inquilinos en la C\u00e1mara Baja del Congreso de la Uni\u00f3n.<\/p>\n<p>Aunque como pasan los d\u00edas, la lista crece ya hay nombres de quienes ya trabajan para hacerse de la nominaci\u00f3n y \u00e9sta la engrosan aquellos militantes y ex activos partidistas de otras fuerzas ajenas a la izquierda y mucho m\u00e1s, a la figura de Andr\u00e9s Manuel L\u00f3pez Obrador.<\/p>\n<p>Por ejemplo,\u00a0\u00a0 la lista de aspirantes externos est\u00e1 el ex petistas, ex perredista y el convergente, Jos\u00e9 de la Luz Sosa Salinas. El ex diputado local y l\u00edder de la agrupaci\u00f3n que lleva su nombre \u2013vaya culto a la persona y a la egolatr\u00eda- sue\u00f1a con regresar a un cargo p\u00fablico, aunque su paso por el Congreso local fue m\u00e1s que oscuro.<\/p>\n<p>Al oriundo de la comunidad de Jos\u00e9 Mar\u00eda Morelos Buenavista, municipio de Tlaxco todav\u00eda se le recuerda por sus excesos y aquel berrinche que hizo cuando fue dado de baja del padr\u00f3n de beneficiarios del programa Oportunidades, en el que aparec\u00eda con un apoyo cercano a los mil 500 pesos como jefe de familia, seg\u00fan consta en folio 2903400300002502 del registro de padr\u00f3n de quienes ten\u00edan acceso a ese apoyo.<\/p>\n<p>A la lista de aspirantes a la candidatura se suma el pevemista y funcionario del gobierno federal priista, Ramiro Vivanco Chedraui. El delegado de la Secretar\u00eda de Medio Ambiente y Recursos Naturales (Semarnat), espacio que ocupa desde finales de enero de 2013, pues lleg\u00f3 a la posici\u00f3n\u00a0 tras la renuncia de Brenda S\u00e1nchez Castro, afila sus estrategias para \u201csaltar\u201d desde la comodidad de su oficina a la lucha por la nominaci\u00f3n.<\/p>\n<p>\u00c9l forma parte de las propuestas para ocupar la coordinaci\u00f3n de organizaci\u00f3n de Morena en el distrito 01, nueva figura para reconocer y permitir que hagan campa\u00f1a antes de tiempo, pues atr\u00e1s quedaron los defensores de la soberan\u00eda nacional.<\/p>\n<p>Ram\u00edrez Vivanco es licenciado en Administraci\u00f3n de Empresas y se desempe\u00f1\u00f3 como regidor y titular de la Comisi\u00f3n de Obras P\u00fablicas, Desarrollo Urbano y Ecolog\u00eda en el ayuntamiento de Huamantla. Tambi\u00e9n ha sido aspirante a diputado por el Partido Verde Ecologista de M\u00e9xico (PVEM) y es una persona af\u00edn a la ex l\u00edder de este organismo pol\u00edtico y actualmente diputada federal, Alma Luc\u00eda Arzaluz Alonso.<\/p>\n<p>Otro de los posibles candidatos aspirantes es el ex abanderado a alcalde de Yauhquemehcan, Abel Hern\u00e1ndez Aguilar, quien en los pasados comicios fue derrotado por el panista Francisco Villareal Chairez.<\/p>\n<p>Aunque esa demarcaci\u00f3n ya fue reasignada a otro distrito, \u00e9l como militante de Morena, es la principal apuesta, pero ser\u00e1 medido en unas encuestas.<\/p>\n<p>A ellos se le suman varios aspirantes como Jos\u00e9 Antonio \u00c1lvarez Lima, ya que el ex gobernador priista, aunque le apuesta a la designaci\u00f3n al Senado, no descarta aceptar otra nominaci\u00f3n, ya que su idea es regresar a la palestra nacional.<\/p>\n<p>Tambi\u00e9n est\u00e1 la empresaria y novia del vocero nacional de Morena, C\u00e9sar Y\u00e1\u00f1ez, Dulce Mar\u00eda Silva Hern\u00e1ndez, quien le juega a dos pistas, pero su mirada est\u00e1 en el Congreso de la Uni\u00f3n.<\/p>\n<p>Otro que no descarta la posibilidad es Alfonso S\u00e1nchez Manzanilla. El ex priista y ex abanderado perredista ya ha sido buscado por gente de Morena para ver sus posibilidades de participar por esta nomenclatura. No ha rechazado la oferta, todav\u00eda analiza su posible participaci\u00f3n.<\/p>\n<p>Son muchos los aspirantes, y crece como pasan los d\u00edas, pero muy pocas las candidaturas, de ah\u00ed que todos hacen su esfuerzo y develan su estrategia para verse en las boletas que deber\u00e1n marcarse el 1 de julio de 2018.<\/p>\n","protected":false},"excerpt":{"rendered":"<p>Del PRI, PVEM, PRD y hasta de la estructura gubernamental podr\u00eda salir el candidato de Morena al distrito federal 01. Aunque la cobija o manto protector de Andr\u00e9s Manuel L\u00f3pez Obrador no alcanzar\u00e1 para calentar ni para cubrir a todos los tr\u00e1nsfugas y\u00a0 aspirantes a un cargo de elecci\u00f3n popular, muchos son los tiradores para [&hellip;]<\/p>\n","protected":false},"author":13,"featured_media":0,"comment_status":"open","ping_status":"open","sticky":false,"template":"","format":"standard","meta":{"om_disable_all_campaigns":false,"_monsterinsights_skip_tracking":false,"_monsterinsights_sitenote_active":false,"_monsterinsights_sitenote_note":"","_monsterinsights_sitenote_category":0,"jnews-multi-image_gallery":[],"jnews_single_post":[],"jnews_primary_category":[],"footnotes":""},"categories":[],"tags":[],"class_list":["post-21674","post","type-post","status-publish","format-standard","hentry"],"aioseo_notices":[],"_links":{"self":[{"href":"https:\/\/estado29.mx\/index.php?rest_route=\/wp\/v2\/posts\/21674","targetHints":{"allow":["GET"]}}],"collection":[{"href":"https:\/\/estado29.mx\/index.php?rest_route=\/wp\/v2\/posts"}],"about":[{"href":"https:\/\/estado29.mx\/index.php?rest_route=\/wp\/v2\/types\/post"}],"author":[{"embeddable":true,"href":"https:\/\/estado29.mx\/index.php?rest_route=\/wp\/v2\/users\/13"}],"replies":[{"embeddable":true,"href":"https:\/\/estado29.mx\/index.php?rest_route=%2Fwp%2Fv2%2Fcomments&post=21674"}],"version-history":[{"count":4,"href":"https:\/\/estado29.mx\/index.php?rest_route=\/wp\/v2\/posts\/21674\/revisions"}],"predecessor-version":[{"id":21692,"href":"https:\/\/estado29.mx\/index.php?rest_route=\/wp\/v2\/posts\/21674\/revisions\/21692"}],"wp:attachment":[{"href":"https:\/\/estado29.mx\/index.php?rest_route=%2Fwp%2Fv2%2Fmedia&parent=21674"}],"wp:term":[{"taxonomy":"category","embeddable":true,"href":"https:\/\/estado29.mx\/index.php?rest_route=%2Fwp%2Fv2%2Fcategories&post=21674"},{"taxonomy":"post_tag","embeddable":true,"href":"https:\/\/estado29.mx\/index.php?rest_route=%2Fwp%2Fv2%2Ftags&post=21674"}],"curies":[{"name":"wp","href":"https:\/\/api.w.org\/{rel}","templated":true}]}}